{"id":2308,"date":"2009-08-04T12:55:29","date_gmt":"2009-08-04T11:55:29","guid":{"rendered":"http:\/\/heijbel.wordpress.com\/2009\/08\/04\/med-taxi-till-tallinn"},"modified":"2009-08-04T12:55:29","modified_gmt":"2009-08-04T11:55:29","slug":"med-taxi-till-tallinn","status":"publish","type":"post","link":"https:\/\/storytellers.se\/?p=2308","title":{"rendered":"Med taxi till Tallinn"},"content":{"rendered":"<p>Den 18 augusti sitter jag tillsammans med <em>Svenska Taxif\u00f6rbundet<\/em> i konferensanl\u00e4ggningen n\u00e4r b\u00e5ten till Tallinn l\u00e4mnar Stockholm. Jag ska leda ett kommunikationseminarium med tonvikt p\u00e5 <strong>&#8221;Rakt p\u00e5 sak&#8221;<\/strong> och med en del p\u00e5minnelser aprop\u00e5 de &#8221;<strong>Taxistories&#8221;<\/strong> jag samlat sen tidigare.<br \/>\nKanske drar jag den gamla kaninstoryn fr\u00e5n Taxi Stockholm. L\u00e4s den via l\u00e4nken h\u00e4r under&#8230;<\/p>\n<p><!--more--><br \/>\n<em>Att man tror mycket om taxis m\u00f6jligheter att st\u00e4lla upp vet alla som jobbar inom taxi. Inte minst de som sitter i v\u00e4xeln. N\u00e4r alla andra m\u00f6jligheter \u00e4r utt\u00f6mda d\u00e5 f\u00f6rs\u00f6ker folk till sist med taxi.<br \/>\nDet h\u00e4r h\u00e4nde i Stockholm. En bekymrad och orolig kvinna ringde till v\u00e4xeln och ber\u00e4ttade att hon k\u00f6pte en sista-minuten-biljett till solen. Hon var s\u00e5 glad och hade just packat sin v\u00e4ska.<br \/>\n\u2013 Men kaninen, sa hon. Den hade jag ju gl\u00f6mt. Jag kan ju inte l\u00e4mna kaninen en hel vecka. Kan ni hj\u00e4lpa mig?<br \/>\nV\u00e4xeltelefonisten tog sig f\u00f6r pannan men bad i alla fall kvinnan att dr\u00f6ja i telefonen. Hon tryckte p\u00e5 sekretessen och ropade skrattande \u00f6ver rummet att det var en galen tjej som ville att taxi skulle ta hand om hennes kanin en vecka.<br \/>\n\u2013 Jag kan och jag vill ropade d\u00e5 en kollega fr\u00e5n andra sidan rummet. Hon var k\u00e4nd som en riktig djurv\u00e4n och tyckte kaniner var gulliga djur.<br \/>\nS\u00e5 taxi skickade en bil hem till kvinnan och h\u00e4mtade kaninen till stationen d\u00e4r djurv\u00e4nnen fanns. Sen h\u00e4mtade de kvinnan och k\u00f6rde henne till Arlanda.<br \/>\nEn vecka senare kom kvinnan hem. Taxi Stockholm h\u00e4mtade f\u00f6rst kaninen, sen m\u00f6tte de kvinnan p\u00e5 Arlanda och k\u00f6rde dem hem. Det blev en bra aff\u00e4r f\u00f6r Taxi och en n\u00f6jd kund som vet vilket bolag hon v\u00e4ljer.<br \/>\nMen, nej det \u00e4r klart att Taxi Stockholm inte har kennelverksamhet. Men de vet mycket v\u00e4l var kennlarna finns.<br \/>\n<\/em><\/p>\n","protected":false},"excerpt":{"rendered":"<p>Den 18 augusti sitter jag tillsammans med Svenska Taxif\u00f6rbundet i konferensanl\u00e4ggningen n\u00e4r b\u00e5ten till Tallinn l\u00e4mnar Stockholm. Jag ska leda ett kommunikationseminarium med tonvikt p\u00e5 &#8221;Rakt p\u00e5 sak&#8221; och med en del p\u00e5minnelser aprop\u00e5 de &#8221;Taxistories&#8221; jag samlat sen tidigare. Kanske drar jag den gamla kaninstoryn fr\u00e5n Taxi Stockholm. L\u00e4s den via l\u00e4nken h\u00e4r under&#8230;<\/p>\n","protected":false},"author":2,"featured_media":0,"comment_status":"open","ping_status":"closed","sticky":false,"template":"","format":"standard","meta":[],"categories":[9],"tags":[],"_links":{"self":[{"href":"https:\/\/storytellers.se\/index.php?rest_route=\/wp\/v2\/posts\/2308"}],"collection":[{"href":"https:\/\/storytellers.se\/index.php?rest_route=\/wp\/v2\/posts"}],"about":[{"href":"https:\/\/storytellers.se\/index.php?rest_route=\/wp\/v2\/types\/post"}],"author":[{"embeddable":true,"href":"https:\/\/storytellers.se\/index.php?rest_route=\/wp\/v2\/users\/2"}],"replies":[{"embeddable":true,"href":"https:\/\/storytellers.se\/index.php?rest_route=%2Fwp%2Fv2%2Fcomments&post=2308"}],"version-history":[{"count":0,"href":"https:\/\/storytellers.se\/index.php?rest_route=\/wp\/v2\/posts\/2308\/revisions"}],"wp:attachment":[{"href":"https:\/\/storytellers.se\/index.php?rest_route=%2Fwp%2Fv2%2Fmedia&parent=2308"}],"wp:term":[{"taxonomy":"category","embeddable":true,"href":"https:\/\/storytellers.se\/index.php?rest_route=%2Fwp%2Fv2%2Fcategories&post=2308"},{"taxonomy":"post_tag","embeddable":true,"href":"https:\/\/storytellers.se\/index.php?rest_route=%2Fwp%2Fv2%2Ftags&post=2308"}],"curies":[{"name":"wp","href":"https:\/\/api.w.org\/{rel}","templated":true}]}}