{"id":2302,"date":"2009-08-03T15:46:00","date_gmt":"2009-08-03T14:46:00","guid":{"rendered":"http:\/\/heijbel.wordpress.com\/2009\/08\/03\/hos-svenska-kyrkan-i-orebro"},"modified":"2009-08-03T15:46:00","modified_gmt":"2009-08-03T14:46:00","slug":"hos-svenska-kyrkan-i-orebro","status":"publish","type":"post","link":"https:\/\/storytellers.se\/?p=2302","title":{"rendered":"Hos Svenska kyrkan i \u00d6rebro"},"content":{"rendered":"<p>Den 28 augusti medverkar jag i Kraftdagen i \u00d6rebro. Det \u00e4r <em>Svenska kyrkans<\/em> f\u00f6rsamlingar i \u00d6rebro som samarbetar i en kraftsatsning i kommunikation. Svenska kyrkans medarbetare, volont\u00e4rer eller f\u00f6rtroendevalda \u00e4r inbjudna och de f\u00e5r kostnadsfritt delta eftersom projektet finansierar det hela. <strong>Rickard Bonnevier<\/strong>, <strong>Katarina Bergstr\u00f6m<\/strong> och <strong>Rune Carlsson<\/strong> talar ocks\u00e5. Det ska bli sp\u00e4nnande att medverka i en av de mest ber\u00e4ttande organisationer vi har, \u00e5tminstone n\u00e4r den talar om sitt budskap och i vad &#8221;den s\u00e4ljer&#8221;. Som Corporate Storyteller kommer jag att fokusera p\u00e5 <em>hur de g\u00f6r<\/em> n\u00e4r de arbetar med sitt budskap. Bibelns ber\u00e4ttelser kan de b\u00e4st sj\u00e4lva. Men nu \u00e4r det <em>kyrkans folk i centrum<\/em>, allts\u00e5. L\u00e4s mer <a href=\"http:\/\/komkraft.wordpress.com\/kraftdagen\/\"><strong>h\u00e4r<\/strong><\/a>.<\/p>\n","protected":false},"excerpt":{"rendered":"<p>Den 28 augusti medverkar jag i Kraftdagen i \u00d6rebro. Det \u00e4r Svenska kyrkans f\u00f6rsamlingar i \u00d6rebro som samarbetar i en kraftsatsning i kommunikation. Svenska kyrkans medarbetare, volont\u00e4rer eller f\u00f6rtroendevalda \u00e4r inbjudna och de f\u00e5r kostnadsfritt delta eftersom projektet finansierar det hela. Rickard Bonnevier, Katarina Bergstr\u00f6m och Rune Carlsson talar ocks\u00e5. Det ska bli sp\u00e4nnande att&#8230;<\/p>\n","protected":false},"author":2,"featured_media":0,"comment_status":"open","ping_status":"closed","sticky":false,"template":"","format":"standard","meta":[],"categories":[9],"tags":[],"_links":{"self":[{"href":"https:\/\/storytellers.se\/index.php?rest_route=\/wp\/v2\/posts\/2302"}],"collection":[{"href":"https:\/\/storytellers.se\/index.php?rest_route=\/wp\/v2\/posts"}],"about":[{"href":"https:\/\/storytellers.se\/index.php?rest_route=\/wp\/v2\/types\/post"}],"author":[{"embeddable":true,"href":"https:\/\/storytellers.se\/index.php?rest_route=\/wp\/v2\/users\/2"}],"replies":[{"embeddable":true,"href":"https:\/\/storytellers.se\/index.php?rest_route=%2Fwp%2Fv2%2Fcomments&post=2302"}],"version-history":[{"count":0,"href":"https:\/\/storytellers.se\/index.php?rest_route=\/wp\/v2\/posts\/2302\/revisions"}],"wp:attachment":[{"href":"https:\/\/storytellers.se\/index.php?rest_route=%2Fwp%2Fv2%2Fmedia&parent=2302"}],"wp:term":[{"taxonomy":"category","embeddable":true,"href":"https:\/\/storytellers.se\/index.php?rest_route=%2Fwp%2Fv2%2Fcategories&post=2302"},{"taxonomy":"post_tag","embeddable":true,"href":"https:\/\/storytellers.se\/index.php?rest_route=%2Fwp%2Fv2%2Ftags&post=2302"}],"curies":[{"name":"wp","href":"https:\/\/api.w.org\/{rel}","templated":true}]}}