{"id":2294,"date":"2009-07-09T13:55:21","date_gmt":"2009-07-09T12:55:21","guid":{"rendered":"http:\/\/heijbel.wordpress.com\/2009\/07\/09\/berom-for-storyduschen-i-sickla"},"modified":"2009-07-09T13:55:21","modified_gmt":"2009-07-09T12:55:21","slug":"berom-for-storyduschen-i-sickla","status":"publish","type":"post","link":"https:\/\/storytellers.se\/?p=2294","title":{"rendered":"Ber\u00f6m f\u00f6r storyduschen i Sickla"},"content":{"rendered":"<p>DN:s <strong>P\u00e5 Stan<\/strong> har kollat upp <em>Sickla K\u00f6pkvarter<\/em> i Nacka d\u00e4r jag tillsammans med <strong>Lexter<\/strong> har laddat landets andra kommersiella  storydusch. Den f\u00f6rsta finns hos Arlanda Express. S\u00e5 h\u00e4r skriver P\u00e5 Stan som plus i anslutning till sin Sicklagranskning:<br \/>\n<em><strong>plus<\/strong> f\u00f6r de interaktiva informa\u00adtionstavlorna, som ger en smidig \u00f6verblick \u00f6ver omr\u00e5dets butiker, restauranger, kommunikationer och toaletter. De riktade \u201dljudduscharna\u201d i soffh\u00f6rnan med entr\u00e9n \u00e4r ocks\u00e5 roande, \u00e4ven om Sickla-informationen som l\u00e4ses upp \u00e4r lite tillr\u00e4ttalagd (\u201dP\u00e5 sommaren g\u00e5r 18-\u00e5rige Andr\u00e9 och hans kompisar till stranden och badar. P\u00e5 vintern blir det snowboard i Hammarbybacken.\u201d)<\/em><br \/>\nH\u00e4r \u00e4r <a href=\"http:\/\/www.pastan.nu\/shopping\/gott-om-markesklader-men-lite-underhallning-pa-sickla-galleria-1.906718\"><strong>l\u00e4nken<\/strong><\/a><\/p>\n","protected":false},"excerpt":{"rendered":"<p>DN:s P\u00e5 Stan har kollat upp Sickla K\u00f6pkvarter i Nacka d\u00e4r jag tillsammans med Lexter har laddat landets andra kommersiella storydusch. Den f\u00f6rsta finns hos Arlanda Express. S\u00e5 h\u00e4r skriver P\u00e5 Stan som plus i anslutning till sin Sicklagranskning: plus f\u00f6r de interaktiva informa\u00adtionstavlorna, som ger en smidig \u00f6verblick \u00f6ver omr\u00e5dets butiker, restauranger, kommunikationer och&#8230;<\/p>\n","protected":false},"author":2,"featured_media":0,"comment_status":"open","ping_status":"closed","sticky":false,"template":"","format":"standard","meta":[],"categories":[3],"tags":[],"_links":{"self":[{"href":"https:\/\/storytellers.se\/index.php?rest_route=\/wp\/v2\/posts\/2294"}],"collection":[{"href":"https:\/\/storytellers.se\/index.php?rest_route=\/wp\/v2\/posts"}],"about":[{"href":"https:\/\/storytellers.se\/index.php?rest_route=\/wp\/v2\/types\/post"}],"author":[{"embeddable":true,"href":"https:\/\/storytellers.se\/index.php?rest_route=\/wp\/v2\/users\/2"}],"replies":[{"embeddable":true,"href":"https:\/\/storytellers.se\/index.php?rest_route=%2Fwp%2Fv2%2Fcomments&post=2294"}],"version-history":[{"count":0,"href":"https:\/\/storytellers.se\/index.php?rest_route=\/wp\/v2\/posts\/2294\/revisions"}],"wp:attachment":[{"href":"https:\/\/storytellers.se\/index.php?rest_route=%2Fwp%2Fv2%2Fmedia&parent=2294"}],"wp:term":[{"taxonomy":"category","embeddable":true,"href":"https:\/\/storytellers.se\/index.php?rest_route=%2Fwp%2Fv2%2Fcategories&post=2294"},{"taxonomy":"post_tag","embeddable":true,"href":"https:\/\/storytellers.se\/index.php?rest_route=%2Fwp%2Fv2%2Ftags&post=2294"}],"curies":[{"name":"wp","href":"https:\/\/api.w.org\/{rel}","templated":true}]}}