{"id":2292,"date":"2009-07-03T14:21:33","date_gmt":"2009-07-03T13:21:33","guid":{"rendered":"http:\/\/heijbel.wordpress.com\/2009\/07\/03\/tramobel-forum"},"modified":"2009-07-03T14:21:33","modified_gmt":"2009-07-03T13:21:33","slug":"tramobel-forum","status":"publish","type":"post","link":"https:\/\/storytellers.se\/?p=2292","title":{"rendered":"Tr\u00e4&amp;M\u00f6bel Forum"},"content":{"rendered":"<p>Jag intervjuas i <strong>Tr\u00e4- och M\u00f6belindustrif\u00f6rbundets<\/strong> tidning <em>Tr\u00e4&amp;M\u00f6bel Forum 3\/09<\/em>. Jag f\u00f6rl\u00e4ste d\u00e4r f\u00f6r en tid sedan. <a href=\"http:\/\/viewer.zmags.com\/publication\/d13492f8#\/d13492f8\/6\"><strong>H\u00e4r<\/strong><\/a> \u00e4r artikeln.<\/p>\n","protected":false},"excerpt":{"rendered":"<p>Jag intervjuas i Tr\u00e4- och M\u00f6belindustrif\u00f6rbundets tidning Tr\u00e4&amp;M\u00f6bel Forum 3\/09. Jag f\u00f6rl\u00e4ste d\u00e4r f\u00f6r en tid sedan. H\u00e4r \u00e4r artikeln.<\/p>\n","protected":false},"author":2,"featured_media":0,"comment_status":"open","ping_status":"closed","sticky":false,"template":"","format":"standard","meta":[],"categories":[3],"tags":[],"_links":{"self":[{"href":"https:\/\/storytellers.se\/index.php?rest_route=\/wp\/v2\/posts\/2292"}],"collection":[{"href":"https:\/\/storytellers.se\/index.php?rest_route=\/wp\/v2\/posts"}],"about":[{"href":"https:\/\/storytellers.se\/index.php?rest_route=\/wp\/v2\/types\/post"}],"author":[{"embeddable":true,"href":"https:\/\/storytellers.se\/index.php?rest_route=\/wp\/v2\/users\/2"}],"replies":[{"embeddable":true,"href":"https:\/\/storytellers.se\/index.php?rest_route=%2Fwp%2Fv2%2Fcomments&post=2292"}],"version-history":[{"count":0,"href":"https:\/\/storytellers.se\/index.php?rest_route=\/wp\/v2\/posts\/2292\/revisions"}],"wp:attachment":[{"href":"https:\/\/storytellers.se\/index.php?rest_route=%2Fwp%2Fv2%2Fmedia&parent=2292"}],"wp:term":[{"taxonomy":"category","embeddable":true,"href":"https:\/\/storytellers.se\/index.php?rest_route=%2Fwp%2Fv2%2Fcategories&post=2292"},{"taxonomy":"post_tag","embeddable":true,"href":"https:\/\/storytellers.se\/index.php?rest_route=%2Fwp%2Fv2%2Ftags&post=2292"}],"curies":[{"name":"wp","href":"https:\/\/api.w.org\/{rel}","templated":true}]}}