{"id":2290,"date":"2009-07-01T11:08:21","date_gmt":"2009-07-01T10:08:21","guid":{"rendered":"http:\/\/heijbel.wordpress.com\/2009\/07\/01\/hos-skelleftea-kommun"},"modified":"2009-07-01T11:08:21","modified_gmt":"2009-07-01T10:08:21","slug":"hos-skelleftea-kommun","status":"publish","type":"post","link":"https:\/\/storytellers.se\/?p=2290","title":{"rendered":"Hos Skellefte\u00e5 kommun"},"content":{"rendered":"<p>I g\u00e5r var jag p\u00e5 en inledande storytelling-workshop hos kommunen i <strong>Skellefte\u00e5<\/strong>. Min insats ing\u00e5r som en del i deras v\u00e4rdegrundsarbete och jag var inbjuden fr\u00e5n personalutvecklingssidan. Vi sk\u00f6rdade ber\u00e4ttelser som ska bekr\u00e4fta kommunens v\u00e4rdegrundarbete och befolka p\u00e5st\u00e5endena med bilder fr\u00e5n verkligheten. I september ska jag tr\u00e4ffa hela chefsgruppen och h\u00e5lla ett inspirationsseminarium om storytelling i det kommunala v\u00e4rdegrundsarbetet. Skellefte\u00e5 \u00e4r bara en i en l\u00e5ng rad kommuner som valt att anv\u00e4nda storytellingverktyget som \u00e4r b\u00e5de kostnadseffektivt och som ber\u00f6r.<\/p>\n","protected":false},"excerpt":{"rendered":"<p>I g\u00e5r var jag p\u00e5 en inledande storytelling-workshop hos kommunen i Skellefte\u00e5. Min insats ing\u00e5r som en del i deras v\u00e4rdegrundsarbete och jag var inbjuden fr\u00e5n personalutvecklingssidan. Vi sk\u00f6rdade ber\u00e4ttelser som ska bekr\u00e4fta kommunens v\u00e4rdegrundarbete och befolka p\u00e5st\u00e5endena med bilder fr\u00e5n verkligheten. I september ska jag tr\u00e4ffa hela chefsgruppen och h\u00e5lla ett inspirationsseminarium om storytelling&#8230;<\/p>\n","protected":false},"author":2,"featured_media":0,"comment_status":"open","ping_status":"closed","sticky":false,"template":"","format":"standard","meta":[],"categories":[2],"tags":[],"_links":{"self":[{"href":"https:\/\/storytellers.se\/index.php?rest_route=\/wp\/v2\/posts\/2290"}],"collection":[{"href":"https:\/\/storytellers.se\/index.php?rest_route=\/wp\/v2\/posts"}],"about":[{"href":"https:\/\/storytellers.se\/index.php?rest_route=\/wp\/v2\/types\/post"}],"author":[{"embeddable":true,"href":"https:\/\/storytellers.se\/index.php?rest_route=\/wp\/v2\/users\/2"}],"replies":[{"embeddable":true,"href":"https:\/\/storytellers.se\/index.php?rest_route=%2Fwp%2Fv2%2Fcomments&post=2290"}],"version-history":[{"count":0,"href":"https:\/\/storytellers.se\/index.php?rest_route=\/wp\/v2\/posts\/2290\/revisions"}],"wp:attachment":[{"href":"https:\/\/storytellers.se\/index.php?rest_route=%2Fwp%2Fv2%2Fmedia&parent=2290"}],"wp:term":[{"taxonomy":"category","embeddable":true,"href":"https:\/\/storytellers.se\/index.php?rest_route=%2Fwp%2Fv2%2Fcategories&post=2290"},{"taxonomy":"post_tag","embeddable":true,"href":"https:\/\/storytellers.se\/index.php?rest_route=%2Fwp%2Fv2%2Ftags&post=2290"}],"curies":[{"name":"wp","href":"https:\/\/api.w.org\/{rel}","templated":true}]}}