{"id":2286,"date":"2009-06-17T14:32:30","date_gmt":"2009-06-17T13:32:30","guid":{"rendered":"http:\/\/heijbel.wordpress.com\/2009\/06\/17\/inspirationsseminarier-i-host"},"modified":"2009-06-17T14:32:30","modified_gmt":"2009-06-17T13:32:30","slug":"inspirationsseminarier-i-host","status":"publish","type":"post","link":"https:\/\/storytellers.se\/?p=2286","title":{"rendered":"Inspirationsseminarier i h\u00f6st"},"content":{"rendered":"<p>Jag f\u00e5r fr\u00e5gan st\u00e4ndigt s\u00e5 jag planerar att h\u00e5lla n\u00e5gra inspirationsseminarier under h\u00f6sten vid Mariatorget p\u00e5 S\u00f6dermalm d\u00e4r jag har mitt kontor och ett konferensrum. Jag t\u00e4nker mig ett seminarium med h\u00f6gst 10 deltagare per g\u00e5ng. Kanske 2 timmar per g\u00e5ng inklusive fr\u00e5gor och diskussion. Jag tar ut en mindre seminarieavgift. \u00c4r du intresserad av att vara med p\u00e5 ett seminarium s\u00e5 kan du, utan att binda dig, anm\u00e4la intresse p\u00e5 <a href=\"mailto:seminarium@storytellers.se\">seminarium@storytellers.se<\/a>.<br \/>\nVill du bara fr\u00e5ga eller p\u00e5verka inriktningen s\u00e5 skicka ett mail till <a href=\"mailto:matts@storytellers.se\">matts@storytellers.se<\/a> eller g\u00e5 in i svarsfunktionen h\u00e4r under.<\/p>\n","protected":false},"excerpt":{"rendered":"<p>Jag f\u00e5r fr\u00e5gan st\u00e4ndigt s\u00e5 jag planerar att h\u00e5lla n\u00e5gra inspirationsseminarier under h\u00f6sten vid Mariatorget p\u00e5 S\u00f6dermalm d\u00e4r jag har mitt kontor och ett konferensrum. Jag t\u00e4nker mig ett seminarium med h\u00f6gst 10 deltagare per g\u00e5ng. Kanske 2 timmar per g\u00e5ng inklusive fr\u00e5gor och diskussion. Jag tar ut en mindre seminarieavgift. \u00c4r du intresserad av&#8230;<\/p>\n","protected":false},"author":2,"featured_media":0,"comment_status":"open","ping_status":"closed","sticky":false,"template":"","format":"standard","meta":[],"categories":[9],"tags":[],"_links":{"self":[{"href":"https:\/\/storytellers.se\/index.php?rest_route=\/wp\/v2\/posts\/2286"}],"collection":[{"href":"https:\/\/storytellers.se\/index.php?rest_route=\/wp\/v2\/posts"}],"about":[{"href":"https:\/\/storytellers.se\/index.php?rest_route=\/wp\/v2\/types\/post"}],"author":[{"embeddable":true,"href":"https:\/\/storytellers.se\/index.php?rest_route=\/wp\/v2\/users\/2"}],"replies":[{"embeddable":true,"href":"https:\/\/storytellers.se\/index.php?rest_route=%2Fwp%2Fv2%2Fcomments&post=2286"}],"version-history":[{"count":0,"href":"https:\/\/storytellers.se\/index.php?rest_route=\/wp\/v2\/posts\/2286\/revisions"}],"wp:attachment":[{"href":"https:\/\/storytellers.se\/index.php?rest_route=%2Fwp%2Fv2%2Fmedia&parent=2286"}],"wp:term":[{"taxonomy":"category","embeddable":true,"href":"https:\/\/storytellers.se\/index.php?rest_route=%2Fwp%2Fv2%2Fcategories&post=2286"},{"taxonomy":"post_tag","embeddable":true,"href":"https:\/\/storytellers.se\/index.php?rest_route=%2Fwp%2Fv2%2Ftags&post=2286"}],"curies":[{"name":"wp","href":"https:\/\/api.w.org\/{rel}","templated":true}]}}