{"id":2284,"date":"2009-06-16T13:40:02","date_gmt":"2009-06-16T12:40:02","guid":{"rendered":"http:\/\/heijbel.wordpress.com\/2009\/06\/16\/volvo-och-jag"},"modified":"2009-06-16T13:40:02","modified_gmt":"2009-06-16T12:40:02","slug":"volvo-och-jag","status":"publish","type":"post","link":"https:\/\/storytellers.se\/?p=2284","title":{"rendered":"Volvo och jag"},"content":{"rendered":"<p><strong>Charlie Nordblom<\/strong> och jag var inbjudna till <em>Solberg<\/em> i G\u00f6teborg f\u00f6r en tid sedan. Charlie talade om Volvokoncernens arbete med The Volvo Way och om hur man d\u00e4r ocks\u00e5 anv\u00e4nder sig av digital storytelling. Jag ber\u00e4ttade om Storytelling i n\u00f6d och lust. Nu har Solberg Kommunikation lagt ut en <a href=\"http:\/\/www.solberg.se\/sv\/Nyheter\/Berattelser-laddar-varumarket\/#movie\"><strong>kort video<\/strong><\/a> fr\u00e5n frukostseminariet.<\/p>\n","protected":false},"excerpt":{"rendered":"<p>Charlie Nordblom och jag var inbjudna till Solberg i G\u00f6teborg f\u00f6r en tid sedan. Charlie talade om Volvokoncernens arbete med The Volvo Way och om hur man d\u00e4r ocks\u00e5 anv\u00e4nder sig av digital storytelling. Jag ber\u00e4ttade om Storytelling i n\u00f6d och lust. Nu har Solberg Kommunikation lagt ut en kort video fr\u00e5n frukostseminariet.<\/p>\n","protected":false},"author":2,"featured_media":0,"comment_status":"open","ping_status":"closed","sticky":false,"template":"","format":"standard","meta":[],"categories":[3],"tags":[],"_links":{"self":[{"href":"https:\/\/storytellers.se\/index.php?rest_route=\/wp\/v2\/posts\/2284"}],"collection":[{"href":"https:\/\/storytellers.se\/index.php?rest_route=\/wp\/v2\/posts"}],"about":[{"href":"https:\/\/storytellers.se\/index.php?rest_route=\/wp\/v2\/types\/post"}],"author":[{"embeddable":true,"href":"https:\/\/storytellers.se\/index.php?rest_route=\/wp\/v2\/users\/2"}],"replies":[{"embeddable":true,"href":"https:\/\/storytellers.se\/index.php?rest_route=%2Fwp%2Fv2%2Fcomments&post=2284"}],"version-history":[{"count":0,"href":"https:\/\/storytellers.se\/index.php?rest_route=\/wp\/v2\/posts\/2284\/revisions"}],"wp:attachment":[{"href":"https:\/\/storytellers.se\/index.php?rest_route=%2Fwp%2Fv2%2Fmedia&parent=2284"}],"wp:term":[{"taxonomy":"category","embeddable":true,"href":"https:\/\/storytellers.se\/index.php?rest_route=%2Fwp%2Fv2%2Fcategories&post=2284"},{"taxonomy":"post_tag","embeddable":true,"href":"https:\/\/storytellers.se\/index.php?rest_route=%2Fwp%2Fv2%2Ftags&post=2284"}],"curies":[{"name":"wp","href":"https:\/\/api.w.org\/{rel}","templated":true}]}}