{"id":2280,"date":"2009-06-11T12:00:44","date_gmt":"2009-06-11T11:00:44","guid":{"rendered":"http:\/\/heijbel.wordpress.com\/2009\/06\/11\/nyhetsbrev-44-mammorna-i-tensta"},"modified":"2009-06-11T12:00:44","modified_gmt":"2009-06-11T11:00:44","slug":"nyhetsbrev-44-mammorna-i-tensta","status":"publish","type":"post","link":"https:\/\/storytellers.se\/?p=2280","title":{"rendered":"Nyhetsbrev 44: Mammorna i Tensta"},"content":{"rendered":"<p>I dag har drygt 2.200 prenumeranter f\u00e5tt Nyhetsbrev fr\u00e5n Storytellers.se. Vill du ocks\u00e5 vara prenumerant p\u00e5 det kostnadsfria brevet n\u00e5gon g\u00e5ng i m\u00e5naden s\u00e5 anm\u00e4l dig till <a href=\"mailto:nyhetsbrev@storytellers.se\">nyhetsbrev@storytellers.se<\/a><br \/>\nVill du l\u00e4sa det aktuella brevet s\u00e5 klicka p\u00e5 l\u00e4nken h\u00e4r under.<\/p>\n<p><!--more--><br \/>\nNyhetsbrev 44:<br \/>\nHej Storytellerv\u00e4n,<br \/>\nH\u00e4r kommer Nyhetsbrev 44 fr\u00e5n Storytellers.se. Jag ber\u00e4ttar som vanligt lite om vad som h\u00e4nt p\u00e5 storytellingfronten och om nya tankar som dykt upp i mitt huvud som hela tiden r\u00f6r sig i den v\u00e4rld som handlar om ber\u00e4ttelser i och om f\u00f6retag och organisationer och om de varor och tj\u00e4nster organisationerna erbjuder.<br \/>\nDet som st\u00e5r h\u00e4r finns ofta i f\u00f6rdjupad form p\u00e5 bloggen storytellers.se och nyhetsbrevet har d\u00e4rf\u00f6r formen av en reflektion \u00f6ver den senaste tiden.<br \/>\n+++++++++++++++++++++++++++++++++++++++++++++++++++++++<br \/>\nN\u00e4r det var kravaller i Roseng\u00e5rd f\u00f6r ett halv\u00e5r sedan s\u00e5 fruktade f\u00f6rst\u00e5s de kommunanst\u00e4llda inom bland annat socialtj\u00e4nsten i invandrart\u00e4ta Tensta att kravallerna kunde spridas \u00e4ven dit. Ett tag verkade det ocks\u00e5 som att det skulle bli s\u00e5. Mindre kravaller med brinnande container och stenkastning kom, men f\u00e4ltassistenter och andra som k\u00e4nner ungdomarna bad ungdomarna sj\u00e4lva om r\u00e5d:<br \/>\nVad skulle de g\u00f6ra?<br \/>\nTa hit mammorna! l\u00f6d r\u00e5det, fr\u00e5n ungdomarna.<br \/>\nEftersom man s\u00e4ger att man ska samverka med f\u00f6r\u00e4ldrar och se alla barn och ungdomar som individer s\u00e5 lyssnade man och kallade f\u00f6rst\u00e5s p\u00e5 mammorna. Och de kom.<br \/>\nMammorna sa genast \u00e5t ungdomarna att sluta kravalla. Sen blev det lugnt i Tensta.<br \/>\nDenna ber\u00e4ttelse och m\u00e5nga andra fick jag h\u00f6ra n\u00e4r jag hade Storytelling-work-shop med Sp\u00e5nga-Tensta Stadsdelsf\u00f6rvaltning f\u00f6r n\u00e5gra dagar sedan. Stolt ber\u00e4ttade de anst\u00e4llda hur de arbetar framg\u00e5ngsrikt i sina stadsdelar. M\u00e5nga mycket emotionella ber\u00e4ttelser visar hur professionellt de hanterar sina utmaningar.<br \/>\nDessa ber\u00e4ttelser laddar omr\u00e5det med storykapital och ger verksamheterna \u00f6kad legitimitet.<br \/>\n+++++++++++++++++++++++++++++++++++++++++++++++++++++++<br \/>\nSamverkan mellan brukare och f\u00f6rvaltning leder till framg\u00e5ng och ber\u00e4ttelserna om detta arbete \u00e4gs allts\u00e5 gemensamt av m\u00e4nnskorna i stadsdelen. I Sp\u00e5nga-Tensta bor 35.000 m\u00e4nniskor och man kan s\u00e4ga att ber\u00e4ttelsen om mammorna \u00e4r en del av deras gemensamma kulturkapital.<br \/>\nEn ber\u00e4ttelse som denna \u00e4r ocks\u00e5 en bild av hur man kan jobba. Genom att ber\u00e4tta om framg\u00e5ngsrik konfliktl\u00f6sning kan man minska risken f\u00f6r framtida konflikter. Ber\u00e4ttelserna kan d\u00e4rmed bygga framtid.<br \/>\nG\u00f6r r\u00e4tt, ber\u00e4tta om det och du bygger framtid!<br \/>\n+++++++++++++++++++++++++++++++++++++++++++++++++++++++<br \/>\nDet \u00e4r r\u00e4tt intressant att t\u00e4nka p\u00e5 tidsaxeln n\u00e4r man ber\u00e4ttar kulturspeglande stories. S\u00e5 till exempel tr\u00e4ffade jag f\u00f6r en tid sedan SSAB.<br \/>\nSSAB har som ett av sina v\u00e4rdeord begreppet: Ahead!<br \/>\nSSAB \u00e4r och vill  vara Ahead. Man ligger allts\u00e5 f\u00f6re och vill ligga f\u00f6re. Kan man d\u00e5 h\u00e4mta ber\u00e4ttelser fr\u00e5n det f\u00f6rflutna och h\u00e4vda att ocks\u00e5 de ber\u00e4ttar om att man \u00e4r: Ahead?<br \/>\nJa, det kan man.<br \/>\nEn rolig po\u00e4ng med just SSAB \u00e4r att f\u00f6retaget har r\u00f6tter \u00e4nda ned i Stora Kopparberg, eller Stora, som man s\u00e4ger. Nu \u00e4r det s\u00e5 att Stora anses vara v\u00e4rldens \u00e4ldsta juridiskt dokumenterade f\u00f6retag. Det finns papper fr\u00e5n 1200-talet, allts\u00e5 n\u00e4ra 800 \u00e5r gamla papper, som dokumenterar Stora.<br \/>\nDet kallar jag Ahead. Att vara f\u00f6rst ut. Kan man vara mer Ahead \u00e4n att vara v\u00e4rldens f\u00f6rsta f\u00f6retag?<br \/>\nS\u00e5 g\u00f6r man med det f\u00f6rflutna n\u00e4r man talar storytelling i f\u00f6retag. Man backar och letar efter h\u00e4ndelser som st\u00e4mmer med den v\u00e4rdegrund vi lever efter i dag.<br \/>\nAnnars \u00e4r f\u00f6rst\u00e5s samtidsber\u00e4ttelser kanske viktigare och ytterst ber\u00e4ttelser om framtiden.<br \/>\nN\u00e4r man ber\u00e4ttar om mammorna i Tensta och sen agerar efter den insikten. D\u00e5 p\u00e5verkar man framtiden.<br \/>\n+++++++++++++++++++++++++++++++++++++++++++++++++++++++<br \/>\nJag har f\u00f6r n\u00e5gon m\u00e5nad sedan lagt ut 4 korta Storytellingmonologer aprop\u00e5 Heijbelmodellen p\u00e5 Youtube. De har visats sammanlagt drygt 1000 g\u00e5nger nu och du hittar l\u00e4nkar till dem via storytellers.se d\u00e4r jag f\u00f6r n\u00e5gra dagar sedan ber\u00e4ttade om de 1000 visningarna.<br \/>\nJag skissar ocks\u00e5 p\u00e5 ett nytt bokmanus om storytelling som verktyg n\u00e4r man skapar framtid i f\u00f6retag och organisationer. Jag har n\u00e4mligen \u00e4ntligen b\u00f6rjat f\u00e5 en riktigt tydlig bild av en metod att bygga framtid med emotionellt ber\u00e4ttande som motor. Det kommer mer av det men jag har redan b\u00f6rjat tala om det p\u00e5 mina seminarier.<br \/>\nI dag n\u00e4r jag ska tr\u00e4ffa SCA och h\u00e5lla inspirationsf\u00f6rel\u00e4sning ska jag faktiskt ta och l\u00e4gga upp tidsaxeln \u00e4nda in i framtiden.<br \/>\nJag har sm\u00e5tt irriterat m\u00e4rkt att s\u00e5 m\u00e5nga vill k\u00f6ra museal storytelling medan jag vill vara i nuet. Nu tar jag allts\u00e5 steget in i framtiden. Du som har brevet och f\u00f6ljer storytellers.se kommer att f\u00e5 f\u00f6lja den processen fram\u00f6ver.<br \/>\n+++++++++++++++++++++++++++++++++++++++++++++++++++++++<br \/>\nI dagarna har Prinfo givit ut sin tidning f\u00f6r V\u00e5ren 2009. D\u00e4r har de ett helt temanummer aprop\u00e5 storytelling i och om f\u00f6retag och organisationer och i varum\u00e4rkesbyggande.<br \/>\nJag \u00e4r en av de intervjuade och det finns m\u00e5nga andra sp\u00e4nnande och erfarna deltagare. Till exempel varum\u00e4rkesforskaren Miriam Salzer-M\u00f6hrling som varnar f\u00f6r att storytelling inte ska fastna i story-selling. Den bygger p\u00e5, menar hon, interaktivitet och deltagande.<br \/>\nSom ber\u00e4ttelsen om socialtj\u00e4nsten, ungdomarna och mammorna i Tensta.<br \/>\nSj\u00e4lv brukar jag s\u00e4ga att story-telling kr\u00e4ver story-listening.<br \/>\nHur som helst. Prinfotidningen kan du n\u00e5 digitalt via storytellers.se d\u00e4r jag har en l\u00e4nk.<br \/>\n+++++++++++++++++++++++++++++++++++++++++++++++++++++++<br \/>\nDet var allt f\u00f6r den h\u00e4r g\u00e5ngen. Du som f\u00e5r nyhetsbrevet har bett om det eller samarbetat med mig i storytellingsammanhang. Jag som skriver och ansvarar f\u00f6r detta brev heter Matts Heijbel. Jag har arbetat med Corporate Storytelling i tio \u00e5rs tid och f\u00f6ljer utvecklingen p\u00e5 omr\u00e5det p\u00e5 heltid.<br \/>\nJag \u00e4r f\u00f6rfattare och journalist med socialantropologisk bakgrund. Jag utg\u00e5r allts\u00e5 fr\u00e5n ett kulturperspektiv och ser kulturen som ett kapital som g\u00e5r att exploatera.<br \/>\nJag arbetar brett med f\u00f6retag och organisationer. Med kommuner och myndigheter. Ber\u00e4ttelserna finns \u00f6verallt och jag vet hur man kan sk\u00f6rda dem och s\u00e4tta dem i arbete f\u00f6r att n\u00e5 framg\u00e5ng. Jag h\u00e5ller ocks\u00e5 inspirationsf\u00f6rel\u00e4sningar f\u00f6r dem som vill.<br \/>\nCitera g\u00e4rna nyhetsbrevet men ange d\u00e5 k\u00e4llan.<br \/>\nVill du inte nyhetsbrevet l\u00e4ngre s\u00e5 kan du bara v\u00e4nda detta mail med ett nej tack eller skriva till nyhetsbrev@storytellers.se<br \/>\nH\u00e4lsningar fr\u00e5n<br \/>\nMatts Heijbel<br \/>\nStockholm \/ Gr\u00f6dinge 11.juni 2009<\/p>\n","protected":false},"excerpt":{"rendered":"<p>I dag har drygt 2.200 prenumeranter f\u00e5tt Nyhetsbrev fr\u00e5n Storytellers.se. Vill du ocks\u00e5 vara prenumerant p\u00e5 det kostnadsfria brevet n\u00e5gon g\u00e5ng i m\u00e5naden s\u00e5 anm\u00e4l dig till nyhetsbrev@storytellers.se Vill du l\u00e4sa det aktuella brevet s\u00e5 klicka p\u00e5 l\u00e4nken h\u00e4r under.<\/p>\n","protected":false},"author":2,"featured_media":0,"comment_status":"open","ping_status":"closed","sticky":false,"template":"","format":"standard","meta":[],"categories":[8],"tags":[],"_links":{"self":[{"href":"https:\/\/storytellers.se\/index.php?rest_route=\/wp\/v2\/posts\/2280"}],"collection":[{"href":"https:\/\/storytellers.se\/index.php?rest_route=\/wp\/v2\/posts"}],"about":[{"href":"https:\/\/storytellers.se\/index.php?rest_route=\/wp\/v2\/types\/post"}],"author":[{"embeddable":true,"href":"https:\/\/storytellers.se\/index.php?rest_route=\/wp\/v2\/users\/2"}],"replies":[{"embeddable":true,"href":"https:\/\/storytellers.se\/index.php?rest_route=%2Fwp%2Fv2%2Fcomments&post=2280"}],"version-history":[{"count":0,"href":"https:\/\/storytellers.se\/index.php?rest_route=\/wp\/v2\/posts\/2280\/revisions"}],"wp:attachment":[{"href":"https:\/\/storytellers.se\/index.php?rest_route=%2Fwp%2Fv2%2Fmedia&parent=2280"}],"wp:term":[{"taxonomy":"category","embeddable":true,"href":"https:\/\/storytellers.se\/index.php?rest_route=%2Fwp%2Fv2%2Fcategories&post=2280"},{"taxonomy":"post_tag","embeddable":true,"href":"https:\/\/storytellers.se\/index.php?rest_route=%2Fwp%2Fv2%2Ftags&post=2280"}],"curies":[{"name":"wp","href":"https:\/\/api.w.org\/{rel}","templated":true}]}}