{"id":2276,"date":"2009-06-10T09:17:46","date_gmt":"2009-06-10T08:17:46","guid":{"rendered":"http:\/\/heijbel.wordpress.com\/2009\/06\/10\/intervjuad-i-prinfo"},"modified":"2009-06-10T09:17:46","modified_gmt":"2009-06-10T08:17:46","slug":"intervjuad-i-prinfo","status":"publish","type":"post","link":"https:\/\/storytellers.se\/?p=2276","title":{"rendered":"Intervjuad i Prinfo"},"content":{"rendered":"<p>Prinfos v\u00e5rnummer 2009 har ett brett temanummer kring Storytelling d\u00e4r bland annat jag \u00e4r intervjuad av Karina Persson. I tidningen finns ocks\u00e5 bl a en sp\u00e4nnande intervju med varum\u00e4rkesforskaren <strong>Miriam Salzer-M\u00f6hrling<\/strong> som bland annat filosoferar \u00f6ver skillnaden mellan story-telling och story-selling. Se tidningen <a href=\"http:\/\/issuu.com\/prinfo\/docs\/pc__sv__nr1_2009\"><strong>h\u00e4r<\/strong><\/a>.<\/p>\n","protected":false},"excerpt":{"rendered":"<p>Prinfos v\u00e5rnummer 2009 har ett brett temanummer kring Storytelling d\u00e4r bland annat jag \u00e4r intervjuad av Karina Persson. I tidningen finns ocks\u00e5 bl a en sp\u00e4nnande intervju med varum\u00e4rkesforskaren Miriam Salzer-M\u00f6hrling som bland annat filosoferar \u00f6ver skillnaden mellan story-telling och story-selling. Se tidningen h\u00e4r.<\/p>\n","protected":false},"author":2,"featured_media":0,"comment_status":"open","ping_status":"closed","sticky":false,"template":"","format":"standard","meta":[],"categories":[3],"tags":[],"_links":{"self":[{"href":"https:\/\/storytellers.se\/index.php?rest_route=\/wp\/v2\/posts\/2276"}],"collection":[{"href":"https:\/\/storytellers.se\/index.php?rest_route=\/wp\/v2\/posts"}],"about":[{"href":"https:\/\/storytellers.se\/index.php?rest_route=\/wp\/v2\/types\/post"}],"author":[{"embeddable":true,"href":"https:\/\/storytellers.se\/index.php?rest_route=\/wp\/v2\/users\/2"}],"replies":[{"embeddable":true,"href":"https:\/\/storytellers.se\/index.php?rest_route=%2Fwp%2Fv2%2Fcomments&post=2276"}],"version-history":[{"count":0,"href":"https:\/\/storytellers.se\/index.php?rest_route=\/wp\/v2\/posts\/2276\/revisions"}],"wp:attachment":[{"href":"https:\/\/storytellers.se\/index.php?rest_route=%2Fwp%2Fv2%2Fmedia&parent=2276"}],"wp:term":[{"taxonomy":"category","embeddable":true,"href":"https:\/\/storytellers.se\/index.php?rest_route=%2Fwp%2Fv2%2Fcategories&post=2276"},{"taxonomy":"post_tag","embeddable":true,"href":"https:\/\/storytellers.se\/index.php?rest_route=%2Fwp%2Fv2%2Ftags&post=2276"}],"curies":[{"name":"wp","href":"https:\/\/api.w.org\/{rel}","templated":true}]}}