{"id":2274,"date":"2009-06-09T15:55:16","date_gmt":"2009-06-09T14:55:16","guid":{"rendered":"http:\/\/heijbel.wordpress.com\/2009\/06\/09\/hos-spanga-tensta"},"modified":"2009-06-09T15:55:16","modified_gmt":"2009-06-09T14:55:16","slug":"hos-spanga-tensta","status":"publish","type":"post","link":"https:\/\/storytellers.se\/?p=2274","title":{"rendered":"Hos Sp\u00e5nga-Tensta"},"content":{"rendered":"<p>Jag har i g\u00e5r och i dag medverkat i ledardagar hos <strong>Sp\u00e5nga-Tensta <\/strong>stadsdelsf\u00f6rvaltning som \u00e4r en del av Stockholms Stad. Sp\u00e5nga-Tensta \u00e4r hem f\u00f6r cirka 35.000 inv\u00e5nare och temat var Vision 2030, nu med till\u00e4gget <em>Mitt i krisen<\/em>. Maria H\u00e4ggblom, stadsdelsdirekt\u00f6r i Sp\u00e5nga-Tensta inledde b\u00e5da dagarna och stadsdirekt\u00f6ren Irene Svenonius talade om Vision 2030. Min uppgift var att&#8230;<\/p>\n<p><!--more--><br \/>\nh\u00e5lla i och genomf\u00f6ra en halvdag kring hur man kan befolka visionsp\u00e5st\u00e5enden och visions\u00f6nskningar med ber\u00e4ttelser h\u00e4mtade ur verkligheten. Det sprudlade bland de cirka 50 personerna n\u00e4r det ber\u00e4ttade om:<br \/>\n<em>hur de kallade in mammorna f\u00f6r att f\u00e5 ordning p\u00e5 ungdomskravaller som kom som efterdyningar p\u00e5 Roseng\u00e5rdskravallerna. Det \u00e4r bara mammor som kan f\u00e5 stopp p\u00e5 detta, tipsade initierade ungdomar och s\u00e5 blev det i Tensta.<\/em><br \/>\nEller som den om hur:<br \/>\n<em>dagispersonalen utanf\u00f6r sitt egentliga arbete l\u00e4rde mammor att baka bullar som <em><strong>inte<\/strong><\/em> inneh\u00f6ll de varor som deras barn var allergiska emot. I Tensta all\u00e9 delar man nu recept \u00f6ver kulturgr\u00e4nserna. En svensk vits\u00e5s mot en somalisk pirog, till exempel.<\/em><br \/>\nDetta s\u00e5g vi som h\u00e4ndelsebaserade exempel p\u00e5 involvering av f\u00f6r\u00e4ldrar och engagemang fr\u00e5n f\u00f6r\u00e4ldranas sida f\u00f6r barnens b\u00e4sta.<br \/>\nAllt detta stoppades in under visionen Stockholm en stad i v\u00e4rldsklass 2030. Man f\u00e5r ber\u00e4tta f\u00f6r att se horisonten. Framtiden finns redan h\u00e4r.<\/p>\n","protected":false},"excerpt":{"rendered":"<p>Jag har i g\u00e5r och i dag medverkat i ledardagar hos Sp\u00e5nga-Tensta stadsdelsf\u00f6rvaltning som \u00e4r en del av Stockholms Stad. Sp\u00e5nga-Tensta \u00e4r hem f\u00f6r cirka 35.000 inv\u00e5nare och temat var Vision 2030, nu med till\u00e4gget Mitt i krisen. Maria H\u00e4ggblom, stadsdelsdirekt\u00f6r i Sp\u00e5nga-Tensta inledde b\u00e5da dagarna och stadsdirekt\u00f6ren Irene Svenonius talade om Vision 2030. Min&#8230;<\/p>\n","protected":false},"author":2,"featured_media":0,"comment_status":"open","ping_status":"closed","sticky":false,"template":"","format":"standard","meta":[],"categories":[2],"tags":[],"_links":{"self":[{"href":"https:\/\/storytellers.se\/index.php?rest_route=\/wp\/v2\/posts\/2274"}],"collection":[{"href":"https:\/\/storytellers.se\/index.php?rest_route=\/wp\/v2\/posts"}],"about":[{"href":"https:\/\/storytellers.se\/index.php?rest_route=\/wp\/v2\/types\/post"}],"author":[{"embeddable":true,"href":"https:\/\/storytellers.se\/index.php?rest_route=\/wp\/v2\/users\/2"}],"replies":[{"embeddable":true,"href":"https:\/\/storytellers.se\/index.php?rest_route=%2Fwp%2Fv2%2Fcomments&post=2274"}],"version-history":[{"count":0,"href":"https:\/\/storytellers.se\/index.php?rest_route=\/wp\/v2\/posts\/2274\/revisions"}],"wp:attachment":[{"href":"https:\/\/storytellers.se\/index.php?rest_route=%2Fwp%2Fv2%2Fmedia&parent=2274"}],"wp:term":[{"taxonomy":"category","embeddable":true,"href":"https:\/\/storytellers.se\/index.php?rest_route=%2Fwp%2Fv2%2Fcategories&post=2274"},{"taxonomy":"post_tag","embeddable":true,"href":"https:\/\/storytellers.se\/index.php?rest_route=%2Fwp%2Fv2%2Ftags&post=2274"}],"curies":[{"name":"wp","href":"https:\/\/api.w.org\/{rel}","templated":true}]}}