{"id":2270,"date":"2009-06-05T11:03:54","date_gmt":"2009-06-05T10:03:54","guid":{"rendered":"http:\/\/heijbel.wordpress.com\/2009\/06\/05\/lat-stories-bygga-framtid"},"modified":"2009-06-05T11:03:54","modified_gmt":"2009-06-05T10:03:54","slug":"lat-stories-bygga-framtid","status":"publish","type":"post","link":"https:\/\/storytellers.se\/?p=2270","title":{"rendered":"L\u00e5t stories bygga framtid"},"content":{"rendered":"<p>Storytelling i och om f\u00f6retag och organisationer hamnar ofta l\u00e4tt i det f\u00f6rflutna. Vad har vi gjort som \u00e4r v\u00e4rt att ber\u00e4tta? Hur var det f\u00f6rr? Hur b\u00f6rjade det hela? N\u00e4r hade vi en supern\u00f6jd kund?<br \/>\nDet \u00e4r inget fel p\u00e5 detta.<br \/>\nMen n\u00e5got som visar en annan anv\u00e4ndning \u00e4r n\u00e4r man anv\u00e4nder ber\u00e4ttelser n\u00e4r man talar om framtiden. Kan man d\u00e5 \u00f6verhuvudtaget ber\u00e4tta om den tid som \u00e4nnu inte varit? Ja det&#8230;<\/p>\n<p><!--more--><br \/>\nkan man f\u00f6rmodligen.<br \/>\n<strong>En metod<\/strong> bygger helt enkelt p\u00e5 att f\u00e5nga upp tidiga signaler p\u00e5 det som ska bli det v\u00e4sentliga i framtiden. Genom att ber\u00e4tta om dessa i h\u00e4ndelsebaserat ber\u00e4ttande g\u00f6r man framtiden synlig.<br \/>\n<strong>En annan metod<\/strong>, som det redan finns exempel p\u00e5 inom storytellingsf\u00e4ren, \u00e4r att tala med varandra och med kunder och intressenter och beskriva i teorin hur man skulle kunna agera framtiden.<br \/>\nN\u00e4r man sedan agerar utifr\u00e5n denna vision av framtiden och dessutom ber\u00e4ttar (storytelling) om vad man gjorde s\u00e5 skapar man framtid och g\u00f6r den synlig genom ber\u00e4ttelserna.<br \/>\nD\u00e5 blir orden flyttade fr\u00e5n teori till handling och man f\u00e5r stories av bara farten.<br \/>\nJag h\u00e5ller p\u00e5 att skissa p\u00e5 modeller och metoder f\u00f6r att g\u00f6ra detta framtidsbyggande \u00e4n mer tydligt och m\u00f6jligt.<\/p>\n","protected":false},"excerpt":{"rendered":"<p>Storytelling i och om f\u00f6retag och organisationer hamnar ofta l\u00e4tt i det f\u00f6rflutna. Vad har vi gjort som \u00e4r v\u00e4rt att ber\u00e4tta? Hur var det f\u00f6rr? Hur b\u00f6rjade det hela? N\u00e4r hade vi en supern\u00f6jd kund? Det \u00e4r inget fel p\u00e5 detta. Men n\u00e5got som visar en annan anv\u00e4ndning \u00e4r n\u00e4r man anv\u00e4nder ber\u00e4ttelser n\u00e4r&#8230;<\/p>\n","protected":false},"author":2,"featured_media":0,"comment_status":"open","ping_status":"closed","sticky":false,"template":"","format":"standard","meta":[],"categories":[2],"tags":[],"_links":{"self":[{"href":"https:\/\/storytellers.se\/index.php?rest_route=\/wp\/v2\/posts\/2270"}],"collection":[{"href":"https:\/\/storytellers.se\/index.php?rest_route=\/wp\/v2\/posts"}],"about":[{"href":"https:\/\/storytellers.se\/index.php?rest_route=\/wp\/v2\/types\/post"}],"author":[{"embeddable":true,"href":"https:\/\/storytellers.se\/index.php?rest_route=\/wp\/v2\/users\/2"}],"replies":[{"embeddable":true,"href":"https:\/\/storytellers.se\/index.php?rest_route=%2Fwp%2Fv2%2Fcomments&post=2270"}],"version-history":[{"count":0,"href":"https:\/\/storytellers.se\/index.php?rest_route=\/wp\/v2\/posts\/2270\/revisions"}],"wp:attachment":[{"href":"https:\/\/storytellers.se\/index.php?rest_route=%2Fwp%2Fv2%2Fmedia&parent=2270"}],"wp:term":[{"taxonomy":"category","embeddable":true,"href":"https:\/\/storytellers.se\/index.php?rest_route=%2Fwp%2Fv2%2Fcategories&post=2270"},{"taxonomy":"post_tag","embeddable":true,"href":"https:\/\/storytellers.se\/index.php?rest_route=%2Fwp%2Fv2%2Ftags&post=2270"}],"curies":[{"name":"wp","href":"https:\/\/api.w.org\/{rel}","templated":true}]}}