{"id":2262,"date":"2009-05-29T10:03:29","date_gmt":"2009-05-29T09:03:29","guid":{"rendered":"http:\/\/heijbel.wordpress.com\/2009\/05\/29\/valde-bensin-efter-personalpolitik"},"modified":"2009-05-29T10:03:29","modified_gmt":"2009-05-29T09:03:29","slug":"valde-bensin-efter-personalpolitik","status":"publish","type":"post","link":"https:\/\/storytellers.se\/?p=2262","title":{"rendered":"Valde bensin efter personalpolitik"},"content":{"rendered":"<p>Jag bor p\u00e5 landsbygden 3 mil s\u00f6der om Stockholm men arbetar vid Mariatorget p\u00e5 S\u00f6dermalm. Detta i kombination med m\u00e5nga barn g\u00f6r att familjen alltid \u00e5kt mycket bil och att vi d\u00e4rmed, som familj betraktat, \u00e4r stora konsumenter av bensin. H\u00e4mta, l\u00e4mna, skjutsa. Bensinbolagen ligger som p\u00e4rlband och bjuder ut sig. F\u00f6r min del valde jag f\u00f6r m\u00e5nga \u00e5r sen att handla p\u00e5&#8230;<\/p>\n<p><!--more--><br \/>\nStatoil.<br \/>\nInte f\u00f6r att jag tror att de har b\u00e4ttre eller billigare bensin. Eller f\u00f6r att de \u00e4gs av norska staten. Eller f\u00f6r att det \u00e4r l\u00e4ttare f\u00f6r mig att k\u00f6ra in d\u00e4r \u00e4n n\u00e5gon annanstans.<br \/>\nNej orsaken \u00e4r att Statoil f\u00f6r ett antal \u00e5r sedan valdes till Sveriges b\u00e4sta arbetsgivare. Och f\u00f6r att de st\u00f6tt de ensamma m\u00f6drarna som arbetade p\u00e5 Statoil med barnomsorg p\u00e5 olika s\u00e4tt. Och f\u00f6r att de en g\u00e5ng i tiden erbj\u00f6d de anst\u00e4llda personaldatorer gratis om medarbetarna accepterade att ta &#8221;datak\u00f6rkort&#8221;.<br \/>\nS\u00e5 ber\u00e4ttades det, kanske inte medveten Storytelling fr\u00e5n deras sida men jag l\u00e4ste om det i de tidningar som l\u00e5g p\u00e5 mitt bord.<br \/>\nS\u00e5 gick i alla fall snacket.<br \/>\nJag gillade den arbetsgivarinst\u00e4llningen och tankar d\u00e4rf\u00f6r alltid sen dess p\u00e5 Statoil. Inte f\u00f6r att bensinen \u00e4r b\u00e4ttre utan f\u00f6r att de verkar ha en bra personalpolitik. Det k\u00e4nns n\u00e4stan som en solidaritetshandling.<br \/>\nDetta fungerar som en slags Employer Branding riktad till slutkunden, men den kr\u00e4ver d\u00e5 f\u00f6rst\u00e5s att man ber\u00e4ttar.<br \/>\nH\u00e4r har strategisk Storytelling en given plats. Man kan s\u00e4kert s\u00e4lja st\u00e5l och skog ocks\u00e5 med bra personalpolitik om man talar sanning. Vi \u00e4r ju alla involverade i familjeliv p\u00e5 ett eller annat s\u00e4tt och kan d\u00e4rmed bli ber\u00f6rda av dessa mjuka fr\u00e5gor.<br \/>\nJag tror f\u00f6ljaktligen att man kan addera merv\u00e4rden och \u00f6ka f\u00f6rs\u00e4ljningen med bra personalpolitik &#8211; om man ber\u00e4ttar om det. Detta g\u00e4ller f\u00f6rst\u00e5s s\u00e4rskilt mycket f\u00f6r dem som har likv\u00e4rdiga varor. Det g\u00e4ller ex bensin som ju tillverkas efter samma recept var den \u00e4n s\u00e4ljs p\u00e5 den svenska marknaden.<br \/>\nDetta \u00e4r n\u00e5got f\u00f6r HR-folket. Human resourcem\u00e4nniskorna kanske kan bedriva en bra personalpolitik. Men de b\u00f6r ocks\u00e5 se v\u00e4rdet i att ber\u00e4tta om detta f\u00f6r marknadsm\u00e4nniskorna s\u00e5 att de ocks\u00e5 ser det som ett merv\u00e4rde att addera till sj\u00e4lva varan eller tj\u00e4nsten.<br \/>\nTillspetsat kan man p\u00e5st\u00e5 att det g\u00e5r att h\u00f6ja priset n\u00e4r man har den sanna storyn om en bra personalpolitik. Men d\u00e5 m\u00e5ste man allts\u00e5 ber\u00e4tta.<br \/>\nJag f\u00e5r ofta fr\u00e5gor fr\u00e5n HR-m\u00e4nniskor om Storytelling. De \u00e4r ju ansvariga f\u00f6r det s\u00e5 kallade humankapitalet och m\u00e4nniskan \u00e4r b\u00e4rare av ber\u00e4ttelserna som bekr\u00e4ftar en god personalpolitik. Om den nu \u00e4r god&#8230;.<\/p>\n","protected":false},"excerpt":{"rendered":"<p>Jag bor p\u00e5 landsbygden 3 mil s\u00f6der om Stockholm men arbetar vid Mariatorget p\u00e5 S\u00f6dermalm. Detta i kombination med m\u00e5nga barn g\u00f6r att familjen alltid \u00e5kt mycket bil och att vi d\u00e4rmed, som familj betraktat, \u00e4r stora konsumenter av bensin. H\u00e4mta, l\u00e4mna, skjutsa. Bensinbolagen ligger som p\u00e4rlband och bjuder ut sig. F\u00f6r min del valde&#8230;<\/p>\n","protected":false},"author":2,"featured_media":0,"comment_status":"open","ping_status":"closed","sticky":false,"template":"","format":"standard","meta":[],"categories":[2],"tags":[],"_links":{"self":[{"href":"https:\/\/storytellers.se\/index.php?rest_route=\/wp\/v2\/posts\/2262"}],"collection":[{"href":"https:\/\/storytellers.se\/index.php?rest_route=\/wp\/v2\/posts"}],"about":[{"href":"https:\/\/storytellers.se\/index.php?rest_route=\/wp\/v2\/types\/post"}],"author":[{"embeddable":true,"href":"https:\/\/storytellers.se\/index.php?rest_route=\/wp\/v2\/users\/2"}],"replies":[{"embeddable":true,"href":"https:\/\/storytellers.se\/index.php?rest_route=%2Fwp%2Fv2%2Fcomments&post=2262"}],"version-history":[{"count":0,"href":"https:\/\/storytellers.se\/index.php?rest_route=\/wp\/v2\/posts\/2262\/revisions"}],"wp:attachment":[{"href":"https:\/\/storytellers.se\/index.php?rest_route=%2Fwp%2Fv2%2Fmedia&parent=2262"}],"wp:term":[{"taxonomy":"category","embeddable":true,"href":"https:\/\/storytellers.se\/index.php?rest_route=%2Fwp%2Fv2%2Fcategories&post=2262"},{"taxonomy":"post_tag","embeddable":true,"href":"https:\/\/storytellers.se\/index.php?rest_route=%2Fwp%2Fv2%2Ftags&post=2262"}],"curies":[{"name":"wp","href":"https:\/\/api.w.org\/{rel}","templated":true}]}}