{"id":2258,"date":"2009-05-28T17:05:30","date_gmt":"2009-05-28T16:05:30","guid":{"rendered":"http:\/\/heijbel.wordpress.com\/2009\/05\/28\/nya-pensionsmyndighetens-kultur"},"modified":"2009-05-28T17:05:30","modified_gmt":"2009-05-28T16:05:30","slug":"nya-pensionsmyndighetens-kultur","status":"publish","type":"post","link":"https:\/\/storytellers.se\/?p=2258","title":{"rendered":"Nya pensionsmyndighetens kultur"},"content":{"rendered":"<p>I dag \u00e5terkopplade jag hos <strong>PPM<\/strong> vid ett frukostseminarium det storytellingprojekt som jag, tillsammans med PPM, inledde f\u00f6r drygt ett \u00e5r sedan. Regeringen har nu best\u00e4mt att PPM och de delar av <strong>F\u00f6rs\u00e4kringskassan<\/strong> som \u00e4r kopplade till pensionerna ska f\u00f6renas i den helt nya <strong>Pensionsmyndigheten<\/strong> fr\u00e5n den 1 januari 2010. D\u00e5 avvecklas allts\u00e5 Premiepensionsmyndigheten, PPM formellt, men&#8230;<\/p>\n<p><!--more--><br \/>\nPPM-folkets kompetens och erfarenheter avvecklas f\u00f6rst\u00e5s inte. De vet vad de kan och de flesta g\u00e5r vidare in i framtiden <em>under den nya skylten<\/em>.<br \/>\nDet var lite av temat n\u00e4r jag framf\u00f6rde en del sk\u00f6rdade PPM-stories till PPM-folket. Jag ber\u00e4ttade hur de var och hur deras v\u00e4rderingar kunde visas i h\u00e4ndelser h\u00e4mtade fr\u00e5n PPM-v\u00e4rlden.<br \/>\nDessa ber\u00e4ttelser beh\u00f6ver inte vara f\u00f6rbrukade f\u00f6r att myndigheter sl\u00e5s ihop och PPM avvecklas. Tv\u00e4rtom \u00e4r det viktigt att man n\u00e4rmar sig varandra, inte bara faktuellt, utan \u00e4ven kulturellt och emotionellt.<br \/>\nDet h\u00e4r ska man inte gl\u00f6mma vid sammanslagningar.<br \/>\nStorytellingen handlar i det h\u00e4r fallet om m\u00e4nniskorna som arbetar med pensionerna. Den handlar inte om organisationsjuridiken och politiken. Det inneb\u00e4r att PPM-stories kan forts\u00e4tta att befolka \u00e4ven det kommande varum\u00e4rket fr\u00e5n den 1 januari 2010 fast d\u00e5 kallas de f\u00f6rst\u00e5s inte l\u00e4ngre PPM-stories. Kanske de lever vidare in i framtiden men d\u00e5 som <em>Pensionsmyndighetsstories<\/em>.<br \/>\nF\u00f6rhoppningsvis kommer \u00e4ven pensionsfolket fr\u00e5n F\u00f6rs\u00e4kringkassan att uttrycka sin kultur och kompetens i en h\u00e4ndelsebaserad, befolkad ber\u00e4ttardramaturgi. P\u00e5 sikt f\u00e5r d\u00e5 de tidigare skilda pensionshanterarna fogas samman bl a genom ber\u00e4telser f\u00f6r att sen skapa egna nya samtidsber\u00e4ttelser tillsammans.<br \/>\nSom vid ett \u00e4ktenskap. Man kommer fr\u00e5n olika h\u00e5ll med sin kultur och b\u00f6rjar ett gemensamt liv tillsammans.<br \/>\nS\u00e5 kan man medvetet anv\u00e4nda Storytelling i fusioner. S\u00e5 kan man f\u00f6rhoppningsvis ocks\u00e5 n\u00e4rma de tidigare kanske lite olika v\u00e4rldarna till varandra.<\/p>\n","protected":false},"excerpt":{"rendered":"<p>I dag \u00e5terkopplade jag hos PPM vid ett frukostseminarium det storytellingprojekt som jag, tillsammans med PPM, inledde f\u00f6r drygt ett \u00e5r sedan. Regeringen har nu best\u00e4mt att PPM och de delar av F\u00f6rs\u00e4kringskassan som \u00e4r kopplade till pensionerna ska f\u00f6renas i den helt nya Pensionsmyndigheten fr\u00e5n den 1 januari 2010. D\u00e5 avvecklas allts\u00e5 Premiepensionsmyndigheten, PPM&#8230;<\/p>\n","protected":false},"author":2,"featured_media":0,"comment_status":"open","ping_status":"closed","sticky":false,"template":"","format":"standard","meta":[],"categories":[4],"tags":[],"_links":{"self":[{"href":"https:\/\/storytellers.se\/index.php?rest_route=\/wp\/v2\/posts\/2258"}],"collection":[{"href":"https:\/\/storytellers.se\/index.php?rest_route=\/wp\/v2\/posts"}],"about":[{"href":"https:\/\/storytellers.se\/index.php?rest_route=\/wp\/v2\/types\/post"}],"author":[{"embeddable":true,"href":"https:\/\/storytellers.se\/index.php?rest_route=\/wp\/v2\/users\/2"}],"replies":[{"embeddable":true,"href":"https:\/\/storytellers.se\/index.php?rest_route=%2Fwp%2Fv2%2Fcomments&post=2258"}],"version-history":[{"count":0,"href":"https:\/\/storytellers.se\/index.php?rest_route=\/wp\/v2\/posts\/2258\/revisions"}],"wp:attachment":[{"href":"https:\/\/storytellers.se\/index.php?rest_route=%2Fwp%2Fv2%2Fmedia&parent=2258"}],"wp:term":[{"taxonomy":"category","embeddable":true,"href":"https:\/\/storytellers.se\/index.php?rest_route=%2Fwp%2Fv2%2Fcategories&post=2258"},{"taxonomy":"post_tag","embeddable":true,"href":"https:\/\/storytellers.se\/index.php?rest_route=%2Fwp%2Fv2%2Ftags&post=2258"}],"curies":[{"name":"wp","href":"https:\/\/api.w.org\/{rel}","templated":true}]}}