{"id":2252,"date":"2009-05-20T16:01:27","date_gmt":"2009-05-20T15:01:27","guid":{"rendered":"http:\/\/heijbel.wordpress.com\/2009\/05\/20\/sammanslagningar-av-myndigheter"},"modified":"2009-05-20T16:01:27","modified_gmt":"2009-05-20T15:01:27","slug":"sammanslagningar-av-myndigheter","status":"publish","type":"post","link":"https:\/\/storytellers.se\/?p=2252","title":{"rendered":"Sammanslagningar av myndigheter"},"content":{"rendered":"<p><strong>Fr\u00e5ga:<\/strong><br \/>\nJag arbetar p\u00e5 en myndighet som just slagits samman med en annan myndighet. Vi har helt olika kulturer d\u00e4r Stockholmssidan arbetar mer med kommunikation och p\u00e5verkan medan kontoret i en annan stad \u00e4r mer <em>hands on<\/em>. Kan storytelling var till hj\u00e4lp f\u00f6r att f\u00e5 oss att h\u00f6ra samman?<br \/>\n<strong>Svar:<\/strong><br \/>\nAbsolut. Jag brukar se det som ett \u00e4ktenskap, kanske ibland till och med ett tv\u00e5ngs\u00e4ktenskap som nu n\u00e4r alliansen fattar beslut om att sl\u00e5&#8230;<\/p>\n<p><!--more--><br \/>\nsamman myndigheter.<br \/>\nB\u00e5da delar i den nya myndigheten har sin historia, sin kompetens och sin organisationskultur. D\u00e4rmed har varje del ocks\u00e5 sina ber\u00e4ttelser som visar nyttan med verksamheten.<br \/>\nOm man d\u00e5 ska b\u00f6rja leva ett liv tillsammans, som vid ett \u00e4ktenskap, s\u00e5 f\u00e5r man f\u00f6rst\u00e5s ber\u00e4tta f\u00f6r varandra och ta de b\u00e4sta bitarna ur varandras kultur och b\u00f6rja bygga en ny gemensam kultur. Man v\u00e4ljer sina ber\u00e4ttelser och v\u00e4nder blicken fram\u00e5t.<br \/>\nDet fina med Organisationsstorytelling, allts\u00e5 h\u00e4ndelsebaserat ber\u00e4ttande som visar organisationens kultur och kompetens, \u00e4r d\u00e5 att man presenterar sig f\u00f6r varandra med k\u00f6tt och blod och sj\u00e4l.<br \/>\nSenare f\u00e5r man ju gemensamma ber\u00e4ttelser ungef\u00e4r som en familj som kanske f\u00e5r gemensamma upplevelser och kanske barn tillsammans.<br \/>\nMan kommer med den h\u00e4r metoden ur l\u00e5sningar vid gamla organisationsstrukturer och ber\u00e4ttar ist\u00e4llet om, kompetens m\u00e4nniskor och h\u00e4ndelser. Jag tycker f\u00f6ljaktligen att alla sammanslagna myndigheter, f\u00f6retag ocks\u00e5 f\u00f6r den delen, borde anv\u00e4nda sig av Storytelling f\u00f6r att l\u00e4ra k\u00e4nna varandra och hitta synergierna som f\u00f6r en fram\u00e5t.<br \/>\nJag har flera bra verktyg och metoder f\u00f6r detta. Det fina \u00e4r att alla kan involveras och ingens ber\u00e4ttelse \u00e4r i den processen mindre viktig \u00e4n n\u00e5gon annans.<br \/>\nSm\u00e5 enskilda sanna anekdoter kan utvecklas till viktiga guldkorn i byggandet av den nya myndigheten och det nya varum\u00e4rket. Ber\u00e4ttelserna \u00e4r ett kapital som bara v\u00e4ntar p\u00e5 att f\u00e5 arbeta.<\/p>\n","protected":false},"excerpt":{"rendered":"<p>Fr\u00e5ga: Jag arbetar p\u00e5 en myndighet som just slagits samman med en annan myndighet. Vi har helt olika kulturer d\u00e4r Stockholmssidan arbetar mer med kommunikation och p\u00e5verkan medan kontoret i en annan stad \u00e4r mer hands on. Kan storytelling var till hj\u00e4lp f\u00f6r att f\u00e5 oss att h\u00f6ra samman? Svar: Absolut. Jag brukar se det&#8230;<\/p>\n","protected":false},"author":2,"featured_media":0,"comment_status":"open","ping_status":"closed","sticky":false,"template":"","format":"standard","meta":[],"categories":[6],"tags":[],"_links":{"self":[{"href":"https:\/\/storytellers.se\/index.php?rest_route=\/wp\/v2\/posts\/2252"}],"collection":[{"href":"https:\/\/storytellers.se\/index.php?rest_route=\/wp\/v2\/posts"}],"about":[{"href":"https:\/\/storytellers.se\/index.php?rest_route=\/wp\/v2\/types\/post"}],"author":[{"embeddable":true,"href":"https:\/\/storytellers.se\/index.php?rest_route=\/wp\/v2\/users\/2"}],"replies":[{"embeddable":true,"href":"https:\/\/storytellers.se\/index.php?rest_route=%2Fwp%2Fv2%2Fcomments&post=2252"}],"version-history":[{"count":0,"href":"https:\/\/storytellers.se\/index.php?rest_route=\/wp\/v2\/posts\/2252\/revisions"}],"wp:attachment":[{"href":"https:\/\/storytellers.se\/index.php?rest_route=%2Fwp%2Fv2%2Fmedia&parent=2252"}],"wp:term":[{"taxonomy":"category","embeddable":true,"href":"https:\/\/storytellers.se\/index.php?rest_route=%2Fwp%2Fv2%2Fcategories&post=2252"},{"taxonomy":"post_tag","embeddable":true,"href":"https:\/\/storytellers.se\/index.php?rest_route=%2Fwp%2Fv2%2Ftags&post=2252"}],"curies":[{"name":"wp","href":"https:\/\/api.w.org\/{rel}","templated":true}]}}