{"id":2244,"date":"2009-05-13T12:32:01","date_gmt":"2009-05-13T11:32:01","guid":{"rendered":"http:\/\/heijbel.wordpress.com\/2009\/05\/13\/om-foretagshistoria"},"modified":"2009-05-13T12:32:01","modified_gmt":"2009-05-13T11:32:01","slug":"om-foretagshistoria","status":"publish","type":"post","link":"https:\/\/storytellers.se\/?p=2244","title":{"rendered":"Om f\u00f6retagshistoria"},"content":{"rendered":"<p><strong>Fr\u00e5ga:<\/strong><br \/>\nN\u00e4r man samlar ber\u00e4ttelser var i tiden ska man leta? I f\u00f6retagets historia eller i nutiden?<br \/>\n<strong>Svar:<\/strong><br \/>\nEn av anledningarna att jag talar om storytelling ist\u00e4llet f\u00f6r historieber\u00e4ttande \u00e4r att ordet historia p\u00e5 svenska spr\u00e5ket f\u00f6r just tanken dels till det f\u00f6rflutna dels till n\u00e5got lustigt, typ rolig historia. Om jag m\u00e5ste uttrycka mig p\u00e5 svenska anv\u00e4nder jag d\u00e4rf\u00f6r alltid&#8230;<\/p>\n<p><!--more--><br \/>\nordet ber\u00e4ttelse ist\u00e4llet f\u00f6r historia just av den anledningen.<br \/>\nOm vi \u00e4nd\u00e5 lyssnar p\u00e5 fr\u00e5gan: <em>leta i nuet eller f\u00f6retagets historia?<\/em> s\u00e5 finns det anledning att filosofera lite om dessa ber\u00e4ttelser fr\u00e5n det f\u00f6rflutna. Organisationens historia, allts\u00e5.<br \/>\nJag anser att man visst ska h\u00e4mta ber\u00e4ttelser fr\u00e5n det f\u00f6rflutna som man har god anv\u00e4ndning f\u00f6r i dagens verksamhet. Vi kan allts\u00e5 med de v\u00e4rderingar som i dag styr organisationen selektivt h\u00e4mta ber\u00e4ttelser som g\u00f6r nytta i dag.<br \/>\nEtt historiografiskt syns\u00e4tt inneb\u00e4r, s\u00e5 vitt jag f\u00f6rst\u00e5r, just att man h\u00e4mtar det man vill ha f\u00f6r att det ska passa den ber\u00e4ttelse som man beh\u00f6ver i dag. I ett f\u00f6retagsexempel inneb\u00e4r det att vi samlar ber\u00e4ttelser som st\u00f6der v\u00e5ra k\u00e4rnv\u00e4rden \u00e4ven om organisationen inte uppfattade dessa v\u00e4rden p\u00e5 den tiden det begav sig.<br \/>\nDet betyder inte att man beh\u00f6ver f\u00f6rtiga misstag och besv\u00e4rliga fakta. De kan vara nog s\u00e5 viktiga att ha med. Men man f\u00f6rst\u00e5s ska v\u00e4lja.<br \/>\nTa till exempel Kamprad och nazismen och alkoholismen.<br \/>\nAllts\u00e5. H\u00e4mta n\u00f6dv\u00e4ndiga ber\u00e4ttelser fr\u00e5n f\u00f6retagets historia men sk\u00f6rda och dramatisera bara dem som har ett uppdrag att fylla i dag.<br \/>\nSen \u00e4r det f\u00f6rst\u00e5s s\u00e5 att Corporate Storytelling fram f\u00f6r allt b\u00f6r befinna sig i nuet och framtiden. Det \u00e4r absolut inte museiverksamhet vi sysslar med i de organisationer d\u00e4r jag deltar i sk\u00f6rdearbetet.<br \/>\nDen organisation som vill ha en styrning och riktning mot framtiden m\u00e5ste allts\u00e5 f\u00f6rs\u00f6ka ta makten \u00f6ver historien och ber\u00e4ttelserna om det f\u00f6rflutna. Genom att sk\u00f6rda ber\u00e4ttelser som passar dessa syften och att genom att ber\u00e4tta dem och leva efter de v\u00e4rderingar som ber\u00e4ttelserna visar kan vi ocks\u00e5 styra in i framtiden.<br \/>\nEn organisation beh\u00f6ver ber\u00e4ttelser om var vi kommer ifr\u00e5n, var vi befinner oss och vart vi \u00e4r p\u00e5 v\u00e4g. Inte minst \u00e4r detta viktigt att hantera strategiskt vid fusioner och f\u00f6rv\u00e4rv.<\/p>\n","protected":false},"excerpt":{"rendered":"<p>Fr\u00e5ga: N\u00e4r man samlar ber\u00e4ttelser var i tiden ska man leta? I f\u00f6retagets historia eller i nutiden? Svar: En av anledningarna att jag talar om storytelling ist\u00e4llet f\u00f6r historieber\u00e4ttande \u00e4r att ordet historia p\u00e5 svenska spr\u00e5ket f\u00f6r just tanken dels till det f\u00f6rflutna dels till n\u00e5got lustigt, typ rolig historia. Om jag m\u00e5ste uttrycka mig&#8230;<\/p>\n","protected":false},"author":2,"featured_media":0,"comment_status":"open","ping_status":"closed","sticky":false,"template":"","format":"standard","meta":[],"categories":[6],"tags":[],"_links":{"self":[{"href":"https:\/\/storytellers.se\/index.php?rest_route=\/wp\/v2\/posts\/2244"}],"collection":[{"href":"https:\/\/storytellers.se\/index.php?rest_route=\/wp\/v2\/posts"}],"about":[{"href":"https:\/\/storytellers.se\/index.php?rest_route=\/wp\/v2\/types\/post"}],"author":[{"embeddable":true,"href":"https:\/\/storytellers.se\/index.php?rest_route=\/wp\/v2\/users\/2"}],"replies":[{"embeddable":true,"href":"https:\/\/storytellers.se\/index.php?rest_route=%2Fwp%2Fv2%2Fcomments&post=2244"}],"version-history":[{"count":0,"href":"https:\/\/storytellers.se\/index.php?rest_route=\/wp\/v2\/posts\/2244\/revisions"}],"wp:attachment":[{"href":"https:\/\/storytellers.se\/index.php?rest_route=%2Fwp%2Fv2%2Fmedia&parent=2244"}],"wp:term":[{"taxonomy":"category","embeddable":true,"href":"https:\/\/storytellers.se\/index.php?rest_route=%2Fwp%2Fv2%2Fcategories&post=2244"},{"taxonomy":"post_tag","embeddable":true,"href":"https:\/\/storytellers.se\/index.php?rest_route=%2Fwp%2Fv2%2Ftags&post=2244"}],"curies":[{"name":"wp","href":"https:\/\/api.w.org\/{rel}","templated":true}]}}