{"id":2242,"date":"2009-05-12T10:56:15","date_gmt":"2009-05-12T09:56:15","guid":{"rendered":"http:\/\/heijbel.wordpress.com\/2009\/05\/12\/alla-ar-medskapare"},"modified":"2009-05-12T10:56:15","modified_gmt":"2009-05-12T09:56:15","slug":"alla-ar-medskapare","status":"publish","type":"post","link":"https:\/\/storytellers.se\/?p=2242","title":{"rendered":"Alla \u00e4r medskapare"},"content":{"rendered":"<p>N\u00e4r man sysslar med storytelling i och om organisationer vill man p\u00e5verka snacket och alla \u00e4r inbjudna att delta som medskapare av bilden. En storyteller \u00e4r en storlistener och en storylistener \u00e4r en storyteller. Genom att ber\u00e4tta visar vi t\u00e4nkbara bilder av v\u00e5r gemensamma verklighet nu och v\u00e5r t\u00e4nkbara gemensamma framtid. Det h\u00e4nder d\u00e5 ibland r\u00e4tt m\u00e4rkliga saker som n\u00e4r&#8230;<\/p>\n<p><!--more--><br \/>\njag f\u00f6r en tid sedan talade med ett bredbandsf\u00f6retag. Jag m\u00e4ssade p\u00e5 om att deras viktigaste ber\u00e4ttelser kanske inte precis var hur m\u00e5nga kilometer kabel de hade lagt ned eller andra prestanda utan snarare nyttan av att kablarna l\u00e5g d\u00e4r och d\u00e5 g\u00e4rna i form av enskilda befolkade exempel.<br \/>\nD\u00e5 skulle de kunna fj\u00e4rma sig fr\u00e5n faktuellt ingenj\u00f6rsber\u00e4ttande till att ist\u00e4llet ge bllder och anekdoter om nytta f\u00f6rpackade i en mer emotionell kommunikation.<br \/>\nEfter min f\u00f6rel\u00e4sning kom en man fram och sa:<br \/>\n<em>Det var ju fantastiskt att du visste att vi har lagt ned 12.000 km (tror jag han sa) bredband och jag inst\u00e4mmer i att s\u00e5 kan vi inte bara kommunicera om vi ska n\u00e5 andra \u00e4n dem som redan vet<\/em>.<br \/>\n\u2013 \u00c4hum, sa jag. Just det. Var fick han det d\u00e4r ifr\u00e5n, funderade jag?<br \/>\nNu var det s\u00e5 att jag inte hade en aning om hur m\u00e5nga kilometer bredband de hade lagt ned och jag hade d\u00e4rf\u00f6r definitivt inte n\u00e4mnt n\u00e5gra s\u00e5dana siffror. Jag sa bara att kilometer inte alltid \u00e4r den begripligaste kommunikationen om man vill visa nytta och legitimitet.<br \/>\nVad hade d\u00e5 h\u00e4nt?<br \/>\nJo han hade medverkat i ber\u00e4ttelsen och tyckt sig h\u00f6ra n\u00e5got som jag inte sa. Utan att veta det sj\u00e4lv hade han v\u00e4lvilligt lagt till den siffra han sj\u00e4lv k\u00e4nde till. Upplevelsen f\u00f6r honom var s\u00e5 uppenbar att han till och med tycktes sig h\u00f6ra att jag sa den d\u00e4r siffran. Vilket jag definitivt inte gjorde.<br \/>\nDet d\u00e4r \u00e4r fascinerande. Han var medskapare. N\u00e4r han fram\u00f6ver, via befolkade ber\u00e4ttelser, en g\u00e5ng talar om nyttan med bredbandsutbyggnaden kanske han s\u00e4ger att siffran 12.000 km bredband inte \u00e4r deras viktigaste ber\u00e4ttelseinslag.<br \/>\nStoryn tar allts\u00e5 olika form beroende p\u00e5 vem som ber\u00e4ttar men i grunden \u00e4r den den samma om man i grunden har vaskat fram och levererat befolkade h\u00e4ndelser med tydliga dramaturgiska h\u00f6jdpunkter som folk gillar och f\u00f6rst\u00e5r.<br \/>\nStoryn kan f\u00e5 olika f\u00f6rpackningar beroende p\u00e5 vem som ber\u00e4ttar men k\u00e4rnan \u00e4r viktig att v\u00e5rda.<br \/>\nGenom att s\u00f6ka, sk\u00f6rda, f\u00f6rpacka och anv\u00e4nda verkliga ber\u00e4ttelser och agera efter dem kan vi allts\u00e5 bygga gemensam framtid i en organisation. P\u00e5 samma s\u00e4tt som vi talar om kalkyler, marknadsandelar och olika ber\u00e4kningar i m\u00e4tbara v\u00e4rden kan vi dela ber\u00e4ttelser om framtiden och sj\u00e4lva b\u00f6rja leva i dessa ber\u00e4ttelsers anda.<br \/>\nN\u00e5gon kanske vill l\u00e4gga till siffran 12.000 km. Vars\u00e5god g\u00f6r det. Vi bygger ju ber\u00e4ttelsen tillsammans. Alla \u00e4r medskapare.<\/p>\n","protected":false},"excerpt":{"rendered":"<p>N\u00e4r man sysslar med storytelling i och om organisationer vill man p\u00e5verka snacket och alla \u00e4r inbjudna att delta som medskapare av bilden. En storyteller \u00e4r en storlistener och en storylistener \u00e4r en storyteller. Genom att ber\u00e4tta visar vi t\u00e4nkbara bilder av v\u00e5r gemensamma verklighet nu och v\u00e5r t\u00e4nkbara gemensamma framtid. Det h\u00e4nder d\u00e5 ibland&#8230;<\/p>\n","protected":false},"author":2,"featured_media":0,"comment_status":"open","ping_status":"closed","sticky":false,"template":"","format":"standard","meta":[],"categories":[2],"tags":[],"_links":{"self":[{"href":"https:\/\/storytellers.se\/index.php?rest_route=\/wp\/v2\/posts\/2242"}],"collection":[{"href":"https:\/\/storytellers.se\/index.php?rest_route=\/wp\/v2\/posts"}],"about":[{"href":"https:\/\/storytellers.se\/index.php?rest_route=\/wp\/v2\/types\/post"}],"author":[{"embeddable":true,"href":"https:\/\/storytellers.se\/index.php?rest_route=\/wp\/v2\/users\/2"}],"replies":[{"embeddable":true,"href":"https:\/\/storytellers.se\/index.php?rest_route=%2Fwp%2Fv2%2Fcomments&post=2242"}],"version-history":[{"count":0,"href":"https:\/\/storytellers.se\/index.php?rest_route=\/wp\/v2\/posts\/2242\/revisions"}],"wp:attachment":[{"href":"https:\/\/storytellers.se\/index.php?rest_route=%2Fwp%2Fv2%2Fmedia&parent=2242"}],"wp:term":[{"taxonomy":"category","embeddable":true,"href":"https:\/\/storytellers.se\/index.php?rest_route=%2Fwp%2Fv2%2Fcategories&post=2242"},{"taxonomy":"post_tag","embeddable":true,"href":"https:\/\/storytellers.se\/index.php?rest_route=%2Fwp%2Fv2%2Ftags&post=2242"}],"curies":[{"name":"wp","href":"https:\/\/api.w.org\/{rel}","templated":true}]}}