{"id":2238,"date":"2009-05-08T10:00:41","date_gmt":"2009-05-08T09:00:41","guid":{"rendered":"http:\/\/heijbel.wordpress.com\/2009\/05\/08\/forelaser-i-goteborg"},"modified":"2009-05-08T10:00:41","modified_gmt":"2009-05-08T09:00:41","slug":"forelaser-i-goteborg","status":"publish","type":"post","link":"https:\/\/storytellers.se\/?p=2238","title":{"rendered":"F\u00f6rel\u00e4ser i G\u00f6teborg"},"content":{"rendered":"<p>Den 3 juni \u00e4r det dags f\u00f6r en \u00f6ppen f\u00f6rel\u00e4sning i G\u00f6teborg. Jag ska frukostf\u00f6rel\u00e4sa inbjuden av kommunikationsbyr\u00e5n <strong>Solberg<\/strong>. D\u00e5 medverkar \u00e4ven <strong>Charlie Nordblom<\/strong> som \u00e4r ansvarig f\u00f6r den strategiska internkommunikationen i Volvokoncernen. Volvo fick nyligen <em>Stora Informationspriset<\/em> f\u00f6r sitt arbete d\u00e4r \u00e4ven ber\u00e4ttelserna har en viktig roll. L\u00e4s sj\u00e4lv <a href=\"http:\/\/www.solberg.se\/sv\/Nyheter\/Barande-berattelser\/\"><strong>h\u00e4r<\/strong><\/a>.<\/p>\n","protected":false},"excerpt":{"rendered":"<p>Den 3 juni \u00e4r det dags f\u00f6r en \u00f6ppen f\u00f6rel\u00e4sning i G\u00f6teborg. Jag ska frukostf\u00f6rel\u00e4sa inbjuden av kommunikationsbyr\u00e5n Solberg. D\u00e5 medverkar \u00e4ven Charlie Nordblom som \u00e4r ansvarig f\u00f6r den strategiska internkommunikationen i Volvokoncernen. Volvo fick nyligen Stora Informationspriset f\u00f6r sitt arbete d\u00e4r \u00e4ven ber\u00e4ttelserna har en viktig roll. L\u00e4s sj\u00e4lv h\u00e4r.<\/p>\n","protected":false},"author":2,"featured_media":0,"comment_status":"open","ping_status":"closed","sticky":false,"template":"","format":"standard","meta":[],"categories":[9],"tags":[],"_links":{"self":[{"href":"https:\/\/storytellers.se\/index.php?rest_route=\/wp\/v2\/posts\/2238"}],"collection":[{"href":"https:\/\/storytellers.se\/index.php?rest_route=\/wp\/v2\/posts"}],"about":[{"href":"https:\/\/storytellers.se\/index.php?rest_route=\/wp\/v2\/types\/post"}],"author":[{"embeddable":true,"href":"https:\/\/storytellers.se\/index.php?rest_route=\/wp\/v2\/users\/2"}],"replies":[{"embeddable":true,"href":"https:\/\/storytellers.se\/index.php?rest_route=%2Fwp%2Fv2%2Fcomments&post=2238"}],"version-history":[{"count":0,"href":"https:\/\/storytellers.se\/index.php?rest_route=\/wp\/v2\/posts\/2238\/revisions"}],"wp:attachment":[{"href":"https:\/\/storytellers.se\/index.php?rest_route=%2Fwp%2Fv2%2Fmedia&parent=2238"}],"wp:term":[{"taxonomy":"category","embeddable":true,"href":"https:\/\/storytellers.se\/index.php?rest_route=%2Fwp%2Fv2%2Fcategories&post=2238"},{"taxonomy":"post_tag","embeddable":true,"href":"https:\/\/storytellers.se\/index.php?rest_route=%2Fwp%2Fv2%2Ftags&post=2238"}],"curies":[{"name":"wp","href":"https:\/\/api.w.org\/{rel}","templated":true}]}}