{"id":2230,"date":"2009-05-06T09:42:42","date_gmt":"2009-05-06T08:42:42","guid":{"rendered":"http:\/\/heijbel.wordpress.com\/2009\/05\/06\/steve-jobs-och-storytelling"},"modified":"2009-05-06T09:42:42","modified_gmt":"2009-05-06T08:42:42","slug":"steve-jobs-och-storytelling","status":"publish","type":"post","link":"https:\/\/storytellers.se\/?p=2230","title":{"rendered":"Steve Jobs och storytelling"},"content":{"rendered":"<p>Steve Jobs, Macintosh skapare, talade p\u00e5 Stanford 2005. <a href=\"http:\/\/www.youtube.com\/watch?v=UF8uR6Z6KLc\"><strong>H\u00e4r<\/strong><\/a> \u00e4r talet han h\u00f6ll, en story i 3 delar till studenterna. Macen \u00e4r, mycket tack vare Steve Jobs\u00b4personlighet, ett av de mest ber\u00e4ttarburna varum\u00e4rken v\u00e4rlden sk\u00e5dat.<\/p>\n","protected":false},"excerpt":{"rendered":"<p>Steve Jobs, Macintosh skapare, talade p\u00e5 Stanford 2005. H\u00e4r \u00e4r talet han h\u00f6ll, en story i 3 delar till studenterna. Macen \u00e4r, mycket tack vare Steve Jobs\u00b4personlighet, ett av de mest ber\u00e4ttarburna varum\u00e4rken v\u00e4rlden sk\u00e5dat.<\/p>\n","protected":false},"author":2,"featured_media":0,"comment_status":"open","ping_status":"closed","sticky":false,"template":"","format":"standard","meta":[],"categories":[2],"tags":[],"_links":{"self":[{"href":"https:\/\/storytellers.se\/index.php?rest_route=\/wp\/v2\/posts\/2230"}],"collection":[{"href":"https:\/\/storytellers.se\/index.php?rest_route=\/wp\/v2\/posts"}],"about":[{"href":"https:\/\/storytellers.se\/index.php?rest_route=\/wp\/v2\/types\/post"}],"author":[{"embeddable":true,"href":"https:\/\/storytellers.se\/index.php?rest_route=\/wp\/v2\/users\/2"}],"replies":[{"embeddable":true,"href":"https:\/\/storytellers.se\/index.php?rest_route=%2Fwp%2Fv2%2Fcomments&post=2230"}],"version-history":[{"count":0,"href":"https:\/\/storytellers.se\/index.php?rest_route=\/wp\/v2\/posts\/2230\/revisions"}],"wp:attachment":[{"href":"https:\/\/storytellers.se\/index.php?rest_route=%2Fwp%2Fv2%2Fmedia&parent=2230"}],"wp:term":[{"taxonomy":"category","embeddable":true,"href":"https:\/\/storytellers.se\/index.php?rest_route=%2Fwp%2Fv2%2Fcategories&post=2230"},{"taxonomy":"post_tag","embeddable":true,"href":"https:\/\/storytellers.se\/index.php?rest_route=%2Fwp%2Fv2%2Ftags&post=2230"}],"curies":[{"name":"wp","href":"https:\/\/api.w.org\/{rel}","templated":true}]}}