{"id":2224,"date":"2009-04-30T13:46:02","date_gmt":"2009-04-30T12:46:02","guid":{"rendered":"http:\/\/heijbel.wordpress.com\/2009\/04\/30\/organisationsterapi-2"},"modified":"2009-04-30T13:46:02","modified_gmt":"2009-04-30T12:46:02","slug":"organisationsterapi-2","status":"publish","type":"post","link":"https:\/\/storytellers.se\/?p=2224","title":{"rendered":"Organisationsterapi"},"content":{"rendered":"<p>Ibland m\u00e4rker jag hur jag, ofrivilligt, f\u00e5r en slags terapeutisk roll n\u00e4r jag sk\u00f6rdar organisationsber\u00e4ttelser. Det \u00e4r s\u00e5 mycket som kommer fram och behovet att f\u00e5 ber\u00e4tta \u2013 att n\u00e5gon lyssnar\u2013 frig\u00f6r mycket energi. Jag \u00e4r ingen terapeut men det finns faktiskt terapeuter som arbetar med individber\u00e4ttelser, s\u00e5 kallad <strong>narrativ terapi<\/strong>. S\u00e5 h\u00e4r:<\/p>\n<p><!--more--><br \/>\nbeskriver t ex <strong>FamiljeTerapeuterna<\/strong> i G\u00f6teborg tanken bakom narrativ terapi i samband med att de erbjuder utbildningar i narrativ terapi::<br \/>\n<em>Det narrativa f\u00f6rh\u00e5llningss\u00e4tet \u00e4r ett syns\u00e4tt som framh\u00e5ller att vi m\u00e4nniskor skapar mening i v\u00e5ra liv och v\u00e5r tillvaro genom de ber\u00e4ttelser vi formulerar om oss sj\u00e4lva och andra. I detta perspektiv kan de narrativa samtalen ses som en process d\u00e4r fokus flyttas fr\u00e5n personens problemfyllda livsber\u00e4ttelse till mer \u00f6nskade och rika ber\u00e4ttelser om personens f\u00f6rm\u00e5gor, intentioner, v\u00e4rderingar och livsdr\u00f6mmar<\/em>.<br \/>\nDet d\u00e4r st\u00e4mmer r\u00e4tt bra f\u00f6r Corporate Storytelling ocks\u00e5 trots att jag arbetar med f\u00f6retag och organisationer. Ibland kan organisationen f\u00e5 en n\u00e4stan terapeutisk po\u00e4ng av att v\u00e4lja, sk\u00f6rda och hantera sin viktigaste ber\u00e4ttelser.<br \/>\nSen \u00e4r det ju f\u00f6rst\u00e5s mer fokus p\u00e5 begrepp som vision, mening, m\u00e5l och framf\u00f6rallt business i f\u00f6retagsv\u00e4rlden.<\/p>\n","protected":false},"excerpt":{"rendered":"<p>Ibland m\u00e4rker jag hur jag, ofrivilligt, f\u00e5r en slags terapeutisk roll n\u00e4r jag sk\u00f6rdar organisationsber\u00e4ttelser. Det \u00e4r s\u00e5 mycket som kommer fram och behovet att f\u00e5 ber\u00e4tta \u2013 att n\u00e5gon lyssnar\u2013 frig\u00f6r mycket energi. Jag \u00e4r ingen terapeut men det finns faktiskt terapeuter som arbetar med individber\u00e4ttelser, s\u00e5 kallad narrativ terapi. S\u00e5 h\u00e4r:<\/p>\n","protected":false},"author":2,"featured_media":0,"comment_status":"open","ping_status":"closed","sticky":false,"template":"","format":"standard","meta":[],"categories":[2],"tags":[],"_links":{"self":[{"href":"https:\/\/storytellers.se\/index.php?rest_route=\/wp\/v2\/posts\/2224"}],"collection":[{"href":"https:\/\/storytellers.se\/index.php?rest_route=\/wp\/v2\/posts"}],"about":[{"href":"https:\/\/storytellers.se\/index.php?rest_route=\/wp\/v2\/types\/post"}],"author":[{"embeddable":true,"href":"https:\/\/storytellers.se\/index.php?rest_route=\/wp\/v2\/users\/2"}],"replies":[{"embeddable":true,"href":"https:\/\/storytellers.se\/index.php?rest_route=%2Fwp%2Fv2%2Fcomments&post=2224"}],"version-history":[{"count":0,"href":"https:\/\/storytellers.se\/index.php?rest_route=\/wp\/v2\/posts\/2224\/revisions"}],"wp:attachment":[{"href":"https:\/\/storytellers.se\/index.php?rest_route=%2Fwp%2Fv2%2Fmedia&parent=2224"}],"wp:term":[{"taxonomy":"category","embeddable":true,"href":"https:\/\/storytellers.se\/index.php?rest_route=%2Fwp%2Fv2%2Fcategories&post=2224"},{"taxonomy":"post_tag","embeddable":true,"href":"https:\/\/storytellers.se\/index.php?rest_route=%2Fwp%2Fv2%2Ftags&post=2224"}],"curies":[{"name":"wp","href":"https:\/\/api.w.org\/{rel}","templated":true}]}}