{"id":2216,"date":"2009-04-22T13:14:15","date_gmt":"2009-04-22T12:14:15","guid":{"rendered":"http:\/\/heijbel.wordpress.com\/2009\/04\/22\/vasterbotten-berattar"},"modified":"2009-04-22T13:14:15","modified_gmt":"2009-04-22T12:14:15","slug":"vasterbotten-berattar","status":"publish","type":"post","link":"https:\/\/storytellers.se\/?p=2216","title":{"rendered":"V\u00e4sterbotten ber\u00e4ttar"},"content":{"rendered":"<p>Det senaste dygnet har jag i tre f\u00f6rel\u00e4sningar tr\u00e4ffat n\u00e4rmare 100 personer i Skellefte\u00e5 och L\u00f6v\u00e5nger. Skellefte\u00e5 kallar sig <em>Ber\u00e4ttarnas stad<\/em>. Som en del av den p\u00e5g\u00e5ende Ber\u00e4ttarfestivalen har jag, bl a p\u00e5 universitetet, talat om Corporate Storytelling under rubriken: <strong>Storytelling &#8211; g\u00f6r f\u00f6retag och organisationer mer attraktiva.<\/strong><br \/>\nDet finns en stark litter\u00e4r ber\u00e4ttartradition i V\u00e4sterbotten och en stark folkoristisk traditionell. Jag argumenterade f\u00f6rst\u00e5s f\u00f6r att l\u00e4gga till dagens folkloristiska ber\u00e4ttelser fr\u00e5n f\u00f6retag och organisationer. Kanske blir V\u00e4sterbottensteatern den f\u00f6rsta teater att ta detta hela v\u00e4gen upp p\u00e5 scenen. Corporate Storytelling \u00e4r n\u00e4mligen ocks\u00e5 underh\u00e5llande och inspirerande, f\u00f6rutom rent aff\u00e4rsnyttig.<\/p>\n","protected":false},"excerpt":{"rendered":"<p>Det senaste dygnet har jag i tre f\u00f6rel\u00e4sningar tr\u00e4ffat n\u00e4rmare 100 personer i Skellefte\u00e5 och L\u00f6v\u00e5nger. Skellefte\u00e5 kallar sig Ber\u00e4ttarnas stad. Som en del av den p\u00e5g\u00e5ende Ber\u00e4ttarfestivalen har jag, bl a p\u00e5 universitetet, talat om Corporate Storytelling under rubriken: Storytelling &#8211; g\u00f6r f\u00f6retag och organisationer mer attraktiva. Det finns en stark litter\u00e4r ber\u00e4ttartradition i&#8230;<\/p>\n","protected":false},"author":2,"featured_media":0,"comment_status":"open","ping_status":"closed","sticky":false,"template":"","format":"standard","meta":[],"categories":[2],"tags":[],"_links":{"self":[{"href":"https:\/\/storytellers.se\/index.php?rest_route=\/wp\/v2\/posts\/2216"}],"collection":[{"href":"https:\/\/storytellers.se\/index.php?rest_route=\/wp\/v2\/posts"}],"about":[{"href":"https:\/\/storytellers.se\/index.php?rest_route=\/wp\/v2\/types\/post"}],"author":[{"embeddable":true,"href":"https:\/\/storytellers.se\/index.php?rest_route=\/wp\/v2\/users\/2"}],"replies":[{"embeddable":true,"href":"https:\/\/storytellers.se\/index.php?rest_route=%2Fwp%2Fv2%2Fcomments&post=2216"}],"version-history":[{"count":0,"href":"https:\/\/storytellers.se\/index.php?rest_route=\/wp\/v2\/posts\/2216\/revisions"}],"wp:attachment":[{"href":"https:\/\/storytellers.se\/index.php?rest_route=%2Fwp%2Fv2%2Fmedia&parent=2216"}],"wp:term":[{"taxonomy":"category","embeddable":true,"href":"https:\/\/storytellers.se\/index.php?rest_route=%2Fwp%2Fv2%2Fcategories&post=2216"},{"taxonomy":"post_tag","embeddable":true,"href":"https:\/\/storytellers.se\/index.php?rest_route=%2Fwp%2Fv2%2Ftags&post=2216"}],"curies":[{"name":"wp","href":"https:\/\/api.w.org\/{rel}","templated":true}]}}