{"id":2208,"date":"2009-04-14T09:03:30","date_gmt":"2009-04-14T08:03:30","guid":{"rendered":"http:\/\/heijbel.wordpress.com\/2009\/04\/14\/fanns-moleskine-fore-1996"},"modified":"2009-04-14T09:03:30","modified_gmt":"2009-04-14T08:03:30","slug":"fanns-moleskine-fore-1996","status":"publish","type":"post","link":"https:\/\/storytellers.se\/?p=2208","title":{"rendered":"Fanns Moleskine f\u00f6re 1996?"},"content":{"rendered":"<p><em>Moleskine<\/em> diskuteras p\u00e5 en del bloggar efter <strong>Lars Berges<\/strong> artikel i Svenska Dagbladet i helgen. Jag kommenterar Corporate Storytellingartikeln sj\u00e4lv och l\u00e4nkar till artikeln i inl\u00e4gget <em>Intervjuad i Svenska Dagbladet<\/em>, inlagt h\u00e4r under, ig\u00e5r den 13 april. Jag var sj\u00e4lv intervjuad i Berges artikel.<br \/>\nNu undrar en del om <strong>Picasso, Hemingway<\/strong> m fl kan ha anv\u00e4nt Moleskine eftersom de alla ju var d\u00f6da n\u00e4r det nuvarande f\u00f6retaget bildades. Det \u00e4r klart att de inte kunde men det \u00e4r heller inte po\u00e4ngen med&#8230;<\/p>\n<p><!--more--><br \/>\n&#8230;Moleskinestoryn, som jag ser det.<br \/>\nPo\u00e4ngen \u00e4r h\u00e4r inte den juridiska bolagsformen, nuvarande produktionsplatsen och liknande. Vad Moleskine tagit fasta p\u00e5 \u00e4r id\u00e9n och funktionen med en riktig anteckningsbok av den typ som en g\u00e5ng anv\u00e4ndes av s\u00e5dana som Picasso och Hemingway.<br \/>\nJag kommer d\u00e5 att t\u00e4nka p\u00e5 n\u00e4r jag jobbade med storytelling f\u00f6r <em>V\u00e4gtrafikinspektionen<\/em> f\u00f6r n\u00e5gra \u00e5r sedan. Vi skulle g\u00f6ra en storybook f\u00f6r att i ett antal ber\u00e4ttelser visa vilken kompetens forskarna hade och vilket id\u00e9arv de f\u00f6rvaltade.<br \/>\n\u2013 Vi kan inte b\u00f6rja f\u00f6rr\u00e4n vi bildades i nuvarande form, sa n\u00e5gon. F\u00f6r d\u00e5 fanns vi inte. Den nuvarande organisationen bildades i modern tid.<br \/>\nMen efter en diskussion kom vi fram till att v\u00e4gtrafiks\u00e4kerhetsarbetet b\u00f6rjat l\u00e5ngt tidigare. Det, i det h\u00e4r fallet, statliga arv som V\u00e4gtrafikinspektionen f\u00f6rvaltade kan man utan att rodna f\u00f6ra bak till <strong>Axel Oxenstierna<\/strong> p\u00e5 1600-talet.<br \/>\nHan st\u00e4llde krav p\u00e5 ett fungerande svenskt v\u00e4gn\u00e4t med bra v\u00e4gar d\u00e4r b\u00f6ndernas skjuth\u00e4star ocks\u00e5 hade tillg\u00e5ng till vatten f\u00f6r att orka hem n\u00e4r de bytts till nya h\u00e4star f\u00f6r l\u00e5ngresen\u00e4rerna som skulle vidare.<br \/>\nOxenstierna best\u00e4mde att det skulle finnas g\u00e4stgiverier med best\u00e4mda mellanrum f\u00f6r att passagerare skulle kunna vila tryggt och f\u00e5 mat.<br \/>\nTrafiks\u00e4kerhet helt enkelt. Och d\u00e4rmed f\u00f6ljande myndighetsinspektion.<br \/>\nOxenstierna best\u00e4mde att b\u00f6nderna skulle s\u00e4tta upp milstolpar s\u00e5 att man skulle veta hur l\u00e5ngt det var till n\u00e4sta g\u00e4stgiveri med mera.<br \/>\nD\u00e4r tog vi en tidig V\u00e4gtrafikinspektionstory f\u00f6r att f\u00f6rst\u00e5 arvet och id\u00e9n. Sen var de viktigaste ber\u00e4ttelserna f\u00f6rst\u00e5s h\u00e4mtade fr\u00e5n nutiden och den nutida organisationen.<br \/>\nNumera har V\u00e4gtrafikinspektionen uppg\u00e5tt i nybildade Transportstyrelsen men det f\u00f6r\u00e4ndrar ju inte det l\u00e5nga trafiks\u00e4kerhetsarbete som p\u00e5g\u00e5tt och som accelererade i samband med h\u00f6gertrafikoml\u00e4ggningen 1967.<br \/>\nTransportstyrelsen kan, tycker jag, mycket v\u00e4l ber\u00e4tta om Oxenstiernas pionj\u00e4rarbete.<br \/>\nMoleskine d\u00e5?<br \/>\nMan kan kanske s\u00e4ga att den \u00e5terupptagna klassiska anteckningsboken med svarta p\u00e4rmar och rundade h\u00f6rn tar upp en tidigare tradition. I den meningen st\u00e4mmer det kanske att man har sin Moleskine i Picassos anda.<br \/>\nH\u00e4r kan man l\u00e4sa Moleskinestoryn och kanske se det som att Picasso faktiskt anv\u00e4nde <a href=\"http:\/\/www.moleskine.com\/moleskine_world\/_the_legendary_notebook_moleskine.php\"><strong>denna anteckningsbok.<\/strong><\/a><\/p>\n","protected":false},"excerpt":{"rendered":"<p>Moleskine diskuteras p\u00e5 en del bloggar efter Lars Berges artikel i Svenska Dagbladet i helgen. Jag kommenterar Corporate Storytellingartikeln sj\u00e4lv och l\u00e4nkar till artikeln i inl\u00e4gget Intervjuad i Svenska Dagbladet, inlagt h\u00e4r under, ig\u00e5r den 13 april. Jag var sj\u00e4lv intervjuad i Berges artikel. Nu undrar en del om Picasso, Hemingway m fl kan ha&#8230;<\/p>\n","protected":false},"author":2,"featured_media":0,"comment_status":"open","ping_status":"closed","sticky":false,"template":"","format":"standard","meta":[],"categories":[2],"tags":[],"_links":{"self":[{"href":"https:\/\/storytellers.se\/index.php?rest_route=\/wp\/v2\/posts\/2208"}],"collection":[{"href":"https:\/\/storytellers.se\/index.php?rest_route=\/wp\/v2\/posts"}],"about":[{"href":"https:\/\/storytellers.se\/index.php?rest_route=\/wp\/v2\/types\/post"}],"author":[{"embeddable":true,"href":"https:\/\/storytellers.se\/index.php?rest_route=\/wp\/v2\/users\/2"}],"replies":[{"embeddable":true,"href":"https:\/\/storytellers.se\/index.php?rest_route=%2Fwp%2Fv2%2Fcomments&post=2208"}],"version-history":[{"count":0,"href":"https:\/\/storytellers.se\/index.php?rest_route=\/wp\/v2\/posts\/2208\/revisions"}],"wp:attachment":[{"href":"https:\/\/storytellers.se\/index.php?rest_route=%2Fwp%2Fv2%2Fmedia&parent=2208"}],"wp:term":[{"taxonomy":"category","embeddable":true,"href":"https:\/\/storytellers.se\/index.php?rest_route=%2Fwp%2Fv2%2Fcategories&post=2208"},{"taxonomy":"post_tag","embeddable":true,"href":"https:\/\/storytellers.se\/index.php?rest_route=%2Fwp%2Fv2%2Ftags&post=2208"}],"curies":[{"name":"wp","href":"https:\/\/api.w.org\/{rel}","templated":true}]}}