{"id":2206,"date":"2009-04-13T10:11:08","date_gmt":"2009-04-13T09:11:08","guid":{"rendered":"http:\/\/heijbel.wordpress.com\/2009\/04\/13\/intervjuad-i-svenska-dagbladet"},"modified":"2009-04-13T10:11:08","modified_gmt":"2009-04-13T09:11:08","slug":"intervjuad-i-svenska-dagbladet","status":"publish","type":"post","link":"https:\/\/storytellers.se\/?p=2206","title":{"rendered":"Intervjuad i Svenska Dagbladet"},"content":{"rendered":"<p>I g\u00e5r publicerades artikeln <em><strong>B\u00e4rande ber\u00e4ttelse<\/strong><\/em> av <strong>Lars Berge<\/strong> i <em>SvD<\/em>. Jag f\u00f6rsvarar, i artikeln, bland annat nutidens ber\u00e4ttelser som utg\u00e5r fr\u00e5n f\u00f6retag och organisationer. Historien har inte upph\u00f6rt, m\u00e4nniskan forts\u00e4tter att ber\u00e4tta som hon alltid gjort \u00e4ven om hon inte \u00e4r s k kulturarbetare.<br \/>\n<em>Ber\u00e4ttande som marknadsf\u00f6ringsstrategi \u00e4r termiter som l\u00e5ngsamt gnager s\u00f6nder ber\u00e4ttarkonstens hela id\u00e9<\/em>, menar d\u00e4remot kulturjournalisten  <strong> Andreas \u00c5berg<\/strong>.<br \/>\nVi tycker f\u00f6rst\u00e5s olika, \u00c5berg och jag. Vi betraktar samtiden utifr\u00e5n olika perspektiv. H\u00e4r finns <a href=\"http:\/\/www.svd.se\/kulturnoje\/nyheter\/artikel_2726915.svd\"><strong>artikeln i Svenska Dagbladet.<\/strong><\/a><\/p>\n","protected":false},"excerpt":{"rendered":"<p>I g\u00e5r publicerades artikeln B\u00e4rande ber\u00e4ttelse av Lars Berge i SvD. Jag f\u00f6rsvarar, i artikeln, bland annat nutidens ber\u00e4ttelser som utg\u00e5r fr\u00e5n f\u00f6retag och organisationer. Historien har inte upph\u00f6rt, m\u00e4nniskan forts\u00e4tter att ber\u00e4tta som hon alltid gjort \u00e4ven om hon inte \u00e4r s k kulturarbetare. Ber\u00e4ttande som marknadsf\u00f6ringsstrategi \u00e4r termiter som l\u00e5ngsamt gnager s\u00f6nder ber\u00e4ttarkonstens&#8230;<\/p>\n","protected":false},"author":2,"featured_media":0,"comment_status":"open","ping_status":"closed","sticky":false,"template":"","format":"standard","meta":[],"categories":[3],"tags":[],"_links":{"self":[{"href":"https:\/\/storytellers.se\/index.php?rest_route=\/wp\/v2\/posts\/2206"}],"collection":[{"href":"https:\/\/storytellers.se\/index.php?rest_route=\/wp\/v2\/posts"}],"about":[{"href":"https:\/\/storytellers.se\/index.php?rest_route=\/wp\/v2\/types\/post"}],"author":[{"embeddable":true,"href":"https:\/\/storytellers.se\/index.php?rest_route=\/wp\/v2\/users\/2"}],"replies":[{"embeddable":true,"href":"https:\/\/storytellers.se\/index.php?rest_route=%2Fwp%2Fv2%2Fcomments&post=2206"}],"version-history":[{"count":0,"href":"https:\/\/storytellers.se\/index.php?rest_route=\/wp\/v2\/posts\/2206\/revisions"}],"wp:attachment":[{"href":"https:\/\/storytellers.se\/index.php?rest_route=%2Fwp%2Fv2%2Fmedia&parent=2206"}],"wp:term":[{"taxonomy":"category","embeddable":true,"href":"https:\/\/storytellers.se\/index.php?rest_route=%2Fwp%2Fv2%2Fcategories&post=2206"},{"taxonomy":"post_tag","embeddable":true,"href":"https:\/\/storytellers.se\/index.php?rest_route=%2Fwp%2Fv2%2Ftags&post=2206"}],"curies":[{"name":"wp","href":"https:\/\/api.w.org\/{rel}","templated":true}]}}