{"id":2204,"date":"2009-04-09T15:27:17","date_gmt":"2009-04-09T14:27:17","guid":{"rendered":"http:\/\/heijbel.wordpress.com\/2009\/04\/09\/visionsberattelser-om-ostra-svealand"},"modified":"2009-04-09T15:27:17","modified_gmt":"2009-04-09T14:27:17","slug":"visionsberattelser-om-ostra-svealand","status":"publish","type":"post","link":"https:\/\/storytellers.se\/?p=2204","title":{"rendered":"Visionsber\u00e4ttelser om \u00d6stra Svealand"},"content":{"rendered":"<p>Regionplane- och Trafikkontoret, RTK, vid Stockholms l\u00e4ns landsting, har givit mig i uppdrag att f\u00f6rs\u00f6ka bygga stories om framtiden i regionen. Det \u00e4r en utmaning att bygga en ber\u00e4ttelse om en tid som \u00e4nnu inte varit. Vi har haft inledande m\u00f6ten och i n\u00e4sta vecka ska jag b\u00f6rja sk\u00f6rda ber\u00e4ttelser f\u00f6r att sen kunna g\u00f6ra en t\u00e4nkbar framtid synlig med element fr\u00e5n dagens verklighet. <a href=\"http:\/\/www.samradsforslaget.se\/\"><strong> H\u00e4r<\/strong><\/a> finns information om det grundliga och systematiska arbetet att g\u00f6ra regionen kring M\u00e4laren, med Stockholm som nav, till en av de fr\u00e4msta i Europa. Storytelling kan g\u00f6ra en framtid synlig och d\u00e4rmed bidra till att den kommer. Fakta och vetenskap har RTK redan, nu g\u00e4ller det emotionella visioner av v\u00e5ra barns framtid.<\/p>\n","protected":false},"excerpt":{"rendered":"<p>Regionplane- och Trafikkontoret, RTK, vid Stockholms l\u00e4ns landsting, har givit mig i uppdrag att f\u00f6rs\u00f6ka bygga stories om framtiden i regionen. Det \u00e4r en utmaning att bygga en ber\u00e4ttelse om en tid som \u00e4nnu inte varit. Vi har haft inledande m\u00f6ten och i n\u00e4sta vecka ska jag b\u00f6rja sk\u00f6rda ber\u00e4ttelser f\u00f6r att sen kunna g\u00f6ra&#8230;<\/p>\n","protected":false},"author":2,"featured_media":0,"comment_status":"open","ping_status":"closed","sticky":false,"template":"","format":"standard","meta":[],"categories":[9],"tags":[],"_links":{"self":[{"href":"https:\/\/storytellers.se\/index.php?rest_route=\/wp\/v2\/posts\/2204"}],"collection":[{"href":"https:\/\/storytellers.se\/index.php?rest_route=\/wp\/v2\/posts"}],"about":[{"href":"https:\/\/storytellers.se\/index.php?rest_route=\/wp\/v2\/types\/post"}],"author":[{"embeddable":true,"href":"https:\/\/storytellers.se\/index.php?rest_route=\/wp\/v2\/users\/2"}],"replies":[{"embeddable":true,"href":"https:\/\/storytellers.se\/index.php?rest_route=%2Fwp%2Fv2%2Fcomments&post=2204"}],"version-history":[{"count":0,"href":"https:\/\/storytellers.se\/index.php?rest_route=\/wp\/v2\/posts\/2204\/revisions"}],"wp:attachment":[{"href":"https:\/\/storytellers.se\/index.php?rest_route=%2Fwp%2Fv2%2Fmedia&parent=2204"}],"wp:term":[{"taxonomy":"category","embeddable":true,"href":"https:\/\/storytellers.se\/index.php?rest_route=%2Fwp%2Fv2%2Fcategories&post=2204"},{"taxonomy":"post_tag","embeddable":true,"href":"https:\/\/storytellers.se\/index.php?rest_route=%2Fwp%2Fv2%2Ftags&post=2204"}],"curies":[{"name":"wp","href":"https:\/\/api.w.org\/{rel}","templated":true}]}}