{"id":2198,"date":"2009-03-31T18:32:40","date_gmt":"2009-03-31T17:32:40","guid":{"rendered":"http:\/\/heijbel.wordpress.com\/2009\/03\/31\/organisationsterapi"},"modified":"2009-03-31T18:32:40","modified_gmt":"2009-03-31T17:32:40","slug":"organisationsterapi","status":"publish","type":"post","link":"https:\/\/storytellers.se\/?p=2198","title":{"rendered":"Organisationsterapi"},"content":{"rendered":"<p>\u00c4ven jag m\u00e4rker att det finns en konjunkturdepression. <em><strong>G\u00f6ra sj\u00e4lv, g\u00f6ra sen<\/strong><\/em> \u00e4r mantrat mer och mer. Men det \u00e4r faktiskt lite annorlunda med storytelling, det finns i lust <strong>och<\/strong> n\u00f6d. T\u00e4nk s\u00e5 h\u00e4r n\u00e4r man&#8230;<\/p>\n<p><!--more--><br \/>\nhar det motigt i familjen. Pengarna r\u00e4cker knappt till t\u00e4nkta utgifter men vi har ju varandra. T\u00e4nk vad vi kan, t\u00e4nk vad vi \u00e5stadkommit, t\u00e4nk vad vi ska g\u00f6ra n\u00e4r det v\u00e4nder.<br \/>\nD\u00e5 kan storytelling anv\u00e4ndas n\u00e4stan terapeutiskt. Ur det perspektivet \u00e4r kostnaderna oerh\u00f6rt sm\u00e5 f\u00f6r att gjuta mod och tr\u00f6st. Det \u00e4r viktigt att kommunicera andra bilder \u00e4n de som tillh\u00f6r konjunkturdepressionen. \u00c4ven gentemot kunderna.<br \/>\nDet \u00e4r viktigt att tala om det vi ska ber\u00e4tta, att skissa p\u00e5 vision\u00e4ra bilder av framtiden s\u00e5 vi kan b\u00f6rja st\u00e4lla in sinnena p\u00e5 det som ska komma.<br \/>\nJag har h\u00f6rt f\u00f6retag s\u00e4ga, nu i v\u00e5r, att eftersom en del inte ens \u00e4r s\u00e4kra p\u00e5 sina jobb s\u00e5 passar det inte med ber\u00e4ttelser. Jag \u00e4r allts\u00e5 \u00f6vertygad om att detta \u00e4r felaktigt t\u00e4nkt. Ber\u00e4ttelserna ger kraft, tr\u00f6st och framtidstro.<br \/>\nGivetvis ska man vara medveten om situationen och noga analysera och t\u00e4nka storystrategiskt, men man ska inte helt tystna eller bara sjunga i moll. Detta \u00e4r n\u00e5got att noga t\u00e4nka \u00f6ver i tider som kr\u00e4ver gott krisledarskap eller s k <em>crisis management<\/em>.<\/p>\n","protected":false},"excerpt":{"rendered":"<p>\u00c4ven jag m\u00e4rker att det finns en konjunkturdepression. G\u00f6ra sj\u00e4lv, g\u00f6ra sen \u00e4r mantrat mer och mer. Men det \u00e4r faktiskt lite annorlunda med storytelling, det finns i lust och n\u00f6d. T\u00e4nk s\u00e5 h\u00e4r n\u00e4r man&#8230;<\/p>\n","protected":false},"author":2,"featured_media":0,"comment_status":"open","ping_status":"closed","sticky":false,"template":"","format":"standard","meta":[],"categories":[2],"tags":[],"_links":{"self":[{"href":"https:\/\/storytellers.se\/index.php?rest_route=\/wp\/v2\/posts\/2198"}],"collection":[{"href":"https:\/\/storytellers.se\/index.php?rest_route=\/wp\/v2\/posts"}],"about":[{"href":"https:\/\/storytellers.se\/index.php?rest_route=\/wp\/v2\/types\/post"}],"author":[{"embeddable":true,"href":"https:\/\/storytellers.se\/index.php?rest_route=\/wp\/v2\/users\/2"}],"replies":[{"embeddable":true,"href":"https:\/\/storytellers.se\/index.php?rest_route=%2Fwp%2Fv2%2Fcomments&post=2198"}],"version-history":[{"count":0,"href":"https:\/\/storytellers.se\/index.php?rest_route=\/wp\/v2\/posts\/2198\/revisions"}],"wp:attachment":[{"href":"https:\/\/storytellers.se\/index.php?rest_route=%2Fwp%2Fv2%2Fmedia&parent=2198"}],"wp:term":[{"taxonomy":"category","embeddable":true,"href":"https:\/\/storytellers.se\/index.php?rest_route=%2Fwp%2Fv2%2Fcategories&post=2198"},{"taxonomy":"post_tag","embeddable":true,"href":"https:\/\/storytellers.se\/index.php?rest_route=%2Fwp%2Fv2%2Ftags&post=2198"}],"curies":[{"name":"wp","href":"https:\/\/api.w.org\/{rel}","templated":true}]}}