{"id":2196,"date":"2009-03-31T10:43:08","date_gmt":"2009-03-31T09:43:08","guid":{"rendered":"http:\/\/heijbel.wordpress.com\/2009\/03\/31\/gammelmedia-pratar-webben-svarar"},"modified":"2009-03-31T10:43:08","modified_gmt":"2009-03-31T09:43:08","slug":"gammelmedia-pratar-webben-svarar","status":"publish","type":"post","link":"https:\/\/storytellers.se\/?p=2196","title":{"rendered":"Gammelmedia pratar webben svarar"},"content":{"rendered":"<p><strong>Anita Dunn<\/strong>, kampanjr\u00e5dgivare \u00e5t <strong>Obama<\/strong>, \u00e4r i Sverige och ber\u00e4ttar om hur Obamas direktkontakt med v\u00e4ljarna, via n\u00e4tet och olika communities, b\u00e4ddade f\u00f6r segern. Gammelmedierna och deras spel mellan makthavare och journalister, via bl a presskonferenser st\u00e4ngda f\u00f6r allm\u00e4nheten, blev fr\u00e5n\u00e5kta. Men det \u00e4r \u00e4nd\u00e5 inte slut med TV-reklam i politiken, s\u00e4ger hon. Det beror p\u00e5. Skillnaden \u00e4r att <em>fr\u00e5n TVn f\u00e5r man p\u00e5st\u00e5enden<\/em>, <em>p\u00e5 n\u00e4tet s\u00f6ker man och f\u00e5r svar<\/em>. Detta \u00e4r lustigt fr\u00e5n en svensk horisont n\u00e4r n\u00e4sta val i Sverige f\u00f6r f\u00f6rsta g\u00e5ngen till\u00e5ter politisk TV-reklam. N\u00e5got USA alltid har haft. <a href=\"http:\/\/www.dagensmedia.se\/mallar\/dagensmedia_mall.asp?version=227540\"><strong> H\u00e4r<\/strong><\/a> ber\u00e4ttar Anita Dunn f\u00f6r Dagens Medias Webb-TV.<\/p>\n","protected":false},"excerpt":{"rendered":"<p>Anita Dunn, kampanjr\u00e5dgivare \u00e5t Obama, \u00e4r i Sverige och ber\u00e4ttar om hur Obamas direktkontakt med v\u00e4ljarna, via n\u00e4tet och olika communities, b\u00e4ddade f\u00f6r segern. Gammelmedierna och deras spel mellan makthavare och journalister, via bl a presskonferenser st\u00e4ngda f\u00f6r allm\u00e4nheten, blev fr\u00e5n\u00e5kta. Men det \u00e4r \u00e4nd\u00e5 inte slut med TV-reklam i politiken, s\u00e4ger hon. Det beror&#8230;<\/p>\n","protected":false},"author":2,"featured_media":0,"comment_status":"open","ping_status":"closed","sticky":false,"template":"","format":"standard","meta":[],"categories":[2],"tags":[],"_links":{"self":[{"href":"https:\/\/storytellers.se\/index.php?rest_route=\/wp\/v2\/posts\/2196"}],"collection":[{"href":"https:\/\/storytellers.se\/index.php?rest_route=\/wp\/v2\/posts"}],"about":[{"href":"https:\/\/storytellers.se\/index.php?rest_route=\/wp\/v2\/types\/post"}],"author":[{"embeddable":true,"href":"https:\/\/storytellers.se\/index.php?rest_route=\/wp\/v2\/users\/2"}],"replies":[{"embeddable":true,"href":"https:\/\/storytellers.se\/index.php?rest_route=%2Fwp%2Fv2%2Fcomments&post=2196"}],"version-history":[{"count":0,"href":"https:\/\/storytellers.se\/index.php?rest_route=\/wp\/v2\/posts\/2196\/revisions"}],"wp:attachment":[{"href":"https:\/\/storytellers.se\/index.php?rest_route=%2Fwp%2Fv2%2Fmedia&parent=2196"}],"wp:term":[{"taxonomy":"category","embeddable":true,"href":"https:\/\/storytellers.se\/index.php?rest_route=%2Fwp%2Fv2%2Fcategories&post=2196"},{"taxonomy":"post_tag","embeddable":true,"href":"https:\/\/storytellers.se\/index.php?rest_route=%2Fwp%2Fv2%2Ftags&post=2196"}],"curies":[{"name":"wp","href":"https:\/\/api.w.org\/{rel}","templated":true}]}}