{"id":2194,"date":"2009-03-30T11:02:17","date_gmt":"2009-03-30T10:02:17","guid":{"rendered":"http:\/\/heijbel.wordpress.com\/2009\/03\/30\/7500-knapptryck-i-manaden"},"modified":"2009-03-30T11:02:17","modified_gmt":"2009-03-30T10:02:17","slug":"7500-knapptryck-i-manaden","status":"publish","type":"post","link":"https:\/\/storytellers.se\/?p=2194","title":{"rendered":"7500 knapptryck i m\u00e5naden"},"content":{"rendered":"<p>Storyduschen som vi, Lexter och Storytellers, monterat tillsammans med fastighets\u00e4garen, <strong>Atrium Ljungberg AB<\/strong>, i <strong>Sickla K\u00f6pkvarter<\/strong> har nu varit ig\u00e5ng i drygt 10 m\u00e5nader. F\u00f6rbipasserande  i gallerian uppm\u00e4rksammas p\u00e5 att det finns stories i h\u00f6gtalare med riktat ljud \u00f6ver en stol.<br \/>\nMan kan d\u00e5 v\u00e4lja att s\u00e4tta sig, trycka p\u00e5 knappen och frivilligt lyssna p\u00e5 Sicklastories som jag tagit fram och l\u00e4st in. I snitt har hittills 7500 personer per m\u00e5nad tryckt p\u00e5 knappen. Det kan nog efter invigningen av nya ytor bli 100.000 p\u00e5 ett \u00e5r.<br \/>\nF\u00f6r ett par veckor sedan fyllde vi p\u00e5 med 4 nya ber\u00e4ttelser. Om <em>Sicklas sj\u00e4l<\/em>, <em>L\u00e4rande, om Kunskapsgallerian<\/em>, <em>Entrepren\u00f6ren, om Best of Brands<\/em> och om att vara <em>Ung i Sickla<\/em>. S\u00e5 <a href=\"http:\/\/www.lexter.se\/post\/sickla-kopkvarter-2\/\"><strong>h\u00e4r<\/strong><\/a> l\u00e5ter Sicklas sj\u00e4l och <a href=\"http:\/\/www.lexter.se\/post\/storydusch-med-kulturkapital-i-sickla-galleria\/\"><strong>h\u00e4r<\/strong><\/a>  \u00e4r <em>milj\u00f6n<\/em> <strong>och<\/strong> <em>ber\u00e4ttelsen<\/em> om gruvan.<\/p>\n","protected":false},"excerpt":{"rendered":"<p>Storyduschen som vi, Lexter och Storytellers, monterat tillsammans med fastighets\u00e4garen, Atrium Ljungberg AB, i Sickla K\u00f6pkvarter har nu varit ig\u00e5ng i drygt 10 m\u00e5nader. F\u00f6rbipasserande i gallerian uppm\u00e4rksammas p\u00e5 att det finns stories i h\u00f6gtalare med riktat ljud \u00f6ver en stol. Man kan d\u00e5 v\u00e4lja att s\u00e4tta sig, trycka p\u00e5 knappen och frivilligt lyssna p\u00e5&#8230;<\/p>\n","protected":false},"author":2,"featured_media":0,"comment_status":"open","ping_status":"closed","sticky":false,"template":"","format":"standard","meta":[],"categories":[4],"tags":[],"_links":{"self":[{"href":"https:\/\/storytellers.se\/index.php?rest_route=\/wp\/v2\/posts\/2194"}],"collection":[{"href":"https:\/\/storytellers.se\/index.php?rest_route=\/wp\/v2\/posts"}],"about":[{"href":"https:\/\/storytellers.se\/index.php?rest_route=\/wp\/v2\/types\/post"}],"author":[{"embeddable":true,"href":"https:\/\/storytellers.se\/index.php?rest_route=\/wp\/v2\/users\/2"}],"replies":[{"embeddable":true,"href":"https:\/\/storytellers.se\/index.php?rest_route=%2Fwp%2Fv2%2Fcomments&post=2194"}],"version-history":[{"count":0,"href":"https:\/\/storytellers.se\/index.php?rest_route=\/wp\/v2\/posts\/2194\/revisions"}],"wp:attachment":[{"href":"https:\/\/storytellers.se\/index.php?rest_route=%2Fwp%2Fv2%2Fmedia&parent=2194"}],"wp:term":[{"taxonomy":"category","embeddable":true,"href":"https:\/\/storytellers.se\/index.php?rest_route=%2Fwp%2Fv2%2Fcategories&post=2194"},{"taxonomy":"post_tag","embeddable":true,"href":"https:\/\/storytellers.se\/index.php?rest_route=%2Fwp%2Fv2%2Ftags&post=2194"}],"curies":[{"name":"wp","href":"https:\/\/api.w.org\/{rel}","templated":true}]}}