{"id":2192,"date":"2009-03-28T12:03:45","date_gmt":"2009-03-28T11:03:45","guid":{"rendered":"http:\/\/heijbel.wordpress.com\/2009\/03\/28\/vada-storytelling"},"modified":"2009-03-28T12:03:45","modified_gmt":"2009-03-28T11:03:45","slug":"vada-storytelling","status":"publish","type":"post","link":"https:\/\/storytellers.se\/?p=2192","title":{"rendered":"Vad\u00e5 storytelling?"},"content":{"rendered":"<p>Ibland f\u00e5r jag fr\u00e5gan om vad storytelling ska vara bra f\u00f6r. Man ska v\u00e4l inte l\u00e4gga pengar och energi p\u00e5 att h\u00e5lla p\u00e5 och ber\u00e4tta? Man ska v\u00e4l sk\u00f6ta sin verksamhet. Punkt och slut. D\u00e5 s\u00e4ger jag att&#8230;<\/p>\n<p><!--more--><br \/>\n&#8230;m\u00e4nniskan finns inte utan ber\u00e4ttelser. All kultur b\u00e4rs av ber\u00e4ttelser. Familjen, byn, samh\u00e4llet och den p\u00e5 1800-talet skapade nationalstatsid\u00e9n.<br \/>\nSj\u00e4lvklart ocks\u00e5 f\u00f6retaget, kommunen, myndigheten. Alla de arbetsplatser d\u00e4r de flesta av oss tillbringar st\u00f6rre delen av v\u00e5r vakna tid. Det \u00e4r v\u00e5r kultur, v\u00e5rt liv, v\u00e5r mening och den uttrycks i v\u00e5r organisationsfolklore.<br \/>\nAtt l\u00e4mna ber\u00e4ttarkapitalet or\u00f6rt \u00e4r att avst\u00e5 fr\u00e5n en mycket dynamisk effekt som leder organisationen till framg\u00e5ng.<\/p>\n","protected":false},"excerpt":{"rendered":"<p>Ibland f\u00e5r jag fr\u00e5gan om vad storytelling ska vara bra f\u00f6r. Man ska v\u00e4l inte l\u00e4gga pengar och energi p\u00e5 att h\u00e5lla p\u00e5 och ber\u00e4tta? Man ska v\u00e4l sk\u00f6ta sin verksamhet. Punkt och slut. D\u00e5 s\u00e4ger jag att&#8230;<\/p>\n","protected":false},"author":2,"featured_media":0,"comment_status":"open","ping_status":"closed","sticky":false,"template":"","format":"standard","meta":[],"categories":[2],"tags":[],"_links":{"self":[{"href":"https:\/\/storytellers.se\/index.php?rest_route=\/wp\/v2\/posts\/2192"}],"collection":[{"href":"https:\/\/storytellers.se\/index.php?rest_route=\/wp\/v2\/posts"}],"about":[{"href":"https:\/\/storytellers.se\/index.php?rest_route=\/wp\/v2\/types\/post"}],"author":[{"embeddable":true,"href":"https:\/\/storytellers.se\/index.php?rest_route=\/wp\/v2\/users\/2"}],"replies":[{"embeddable":true,"href":"https:\/\/storytellers.se\/index.php?rest_route=%2Fwp%2Fv2%2Fcomments&post=2192"}],"version-history":[{"count":0,"href":"https:\/\/storytellers.se\/index.php?rest_route=\/wp\/v2\/posts\/2192\/revisions"}],"wp:attachment":[{"href":"https:\/\/storytellers.se\/index.php?rest_route=%2Fwp%2Fv2%2Fmedia&parent=2192"}],"wp:term":[{"taxonomy":"category","embeddable":true,"href":"https:\/\/storytellers.se\/index.php?rest_route=%2Fwp%2Fv2%2Fcategories&post=2192"},{"taxonomy":"post_tag","embeddable":true,"href":"https:\/\/storytellers.se\/index.php?rest_route=%2Fwp%2Fv2%2Ftags&post=2192"}],"curies":[{"name":"wp","href":"https:\/\/api.w.org\/{rel}","templated":true}]}}