{"id":2190,"date":"2009-03-27T12:59:37","date_gmt":"2009-03-27T11:59:37","guid":{"rendered":"http:\/\/heijbel.wordpress.com\/2009\/03\/27\/sandvik-coromant"},"modified":"2009-03-27T12:59:37","modified_gmt":"2009-03-27T11:59:37","slug":"sandvik-coromant","status":"publish","type":"post","link":"https:\/\/storytellers.se\/?p=2190","title":{"rendered":"Sandvik Coromant"},"content":{"rendered":"<p>Jag har nu l\u00e4mnat en sk\u00f6rd till globala <strong>Sandvik Coromant<\/strong>, en av v\u00e4rldens fr\u00e4msta tillverkare av sk\u00e4rverktyg. Jag har arbetat sen i h\u00f6stas med dem och tr\u00e4ffat alla de internationella s\u00e4ljansvariga och dessutom en stor del av organisationen fr\u00e5n huvudkontoret som ligger i Sandviken. En sak \u00e4r&#8230;<\/p>\n<p><!--more--><br \/>\n&#8230; att p\u00e5st\u00e5 att man <em>s\u00e4tter kundens framg\u00e5ng i fokus<\/em> och att man tillverkar <em>de b\u00e4sta sk\u00e4rverktygen<\/em> och att man \u00e4r <em>bra p\u00e5 relationer<\/em>, en annan sak \u00e4r det att ber\u00e4tta om de h\u00e4ndelser och magiska \u00f6gonblick som faktiskt visar att detta ocks\u00e5 \u00e4r sant.<br \/>\nDet \u00e4r d\u00e4rf\u00f6r s\u00e5nt dessa coromantber\u00e4ttelser handlar om.<br \/>\nCoromant \u00e4r ett ord konstruerat av Corona, solens lysande atmosf\u00e4r, och Diamant, h\u00e5rd som diamant. Ett s\u00e5 vackert ord, tyckte f\u00f6rresten en asiatisk kund, att han d\u00f6pte sin dotter till Coromant, ber\u00e4ttas det.<br \/>\nAnnars \u00e4r det m\u00e5nga ber\u00e4ttelser om sk\u00e4rverktyg som \u00e4r s\u00e5 effektiva och h\u00e5llbara att kunden baxnar. Alla dessa ber\u00e4ttelser har vi h\u00e4mtat fr\u00e5n verkligheten och de \u00e4gs av medarbetare och kunder och ska nu befolka varum\u00e4rket.<br \/>\nNu har Sandvik b\u00f6rjat k\u00e4nna av den internationella l\u00e5gkonjunkturen. D\u00e5 beh\u00f6vs kanske ber\u00e4ttelserna \u00e4nnu mer. Vad vi faktiskt kan, vad kunderna faktiskt tycker bara de f\u00e5r producera. Hur vi faktiskt kan ta vara p\u00e5 relationerna med v\u00e5ra kunder.<br \/>\nHoppas att inte sparandet f\u00e5r Sandvik att tystna. Hoppas f\u00f6retaget utvecklas till en \u00e4n mer ber\u00e4ttande organisation, ocks\u00e5 i denna sv\u00e5ra tid.<\/p>\n","protected":false},"excerpt":{"rendered":"<p>Jag har nu l\u00e4mnat en sk\u00f6rd till globala Sandvik Coromant, en av v\u00e4rldens fr\u00e4msta tillverkare av sk\u00e4rverktyg. Jag har arbetat sen i h\u00f6stas med dem och tr\u00e4ffat alla de internationella s\u00e4ljansvariga och dessutom en stor del av organisationen fr\u00e5n huvudkontoret som ligger i Sandviken. En sak \u00e4r&#8230;<\/p>\n","protected":false},"author":2,"featured_media":0,"comment_status":"open","ping_status":"closed","sticky":false,"template":"","format":"standard","meta":[],"categories":[4],"tags":[],"_links":{"self":[{"href":"https:\/\/storytellers.se\/index.php?rest_route=\/wp\/v2\/posts\/2190"}],"collection":[{"href":"https:\/\/storytellers.se\/index.php?rest_route=\/wp\/v2\/posts"}],"about":[{"href":"https:\/\/storytellers.se\/index.php?rest_route=\/wp\/v2\/types\/post"}],"author":[{"embeddable":true,"href":"https:\/\/storytellers.se\/index.php?rest_route=\/wp\/v2\/users\/2"}],"replies":[{"embeddable":true,"href":"https:\/\/storytellers.se\/index.php?rest_route=%2Fwp%2Fv2%2Fcomments&post=2190"}],"version-history":[{"count":0,"href":"https:\/\/storytellers.se\/index.php?rest_route=\/wp\/v2\/posts\/2190\/revisions"}],"wp:attachment":[{"href":"https:\/\/storytellers.se\/index.php?rest_route=%2Fwp%2Fv2%2Fmedia&parent=2190"}],"wp:term":[{"taxonomy":"category","embeddable":true,"href":"https:\/\/storytellers.se\/index.php?rest_route=%2Fwp%2Fv2%2Fcategories&post=2190"},{"taxonomy":"post_tag","embeddable":true,"href":"https:\/\/storytellers.se\/index.php?rest_route=%2Fwp%2Fv2%2Ftags&post=2190"}],"curies":[{"name":"wp","href":"https:\/\/api.w.org\/{rel}","templated":true}]}}