{"id":2182,"date":"2009-03-24T10:46:03","date_gmt":"2009-03-24T09:46:03","guid":{"rendered":"http:\/\/heijbel.wordpress.com\/2009\/03\/24\/historier-eller-fakta"},"modified":"2009-03-24T10:46:03","modified_gmt":"2009-03-24T09:46:03","slug":"historier-eller-fakta","status":"publish","type":"post","link":"https:\/\/storytellers.se\/?p=2182","title":{"rendered":"Historier eller fakta..?"},"content":{"rendered":"<p><em>Historier tycks helt enkelt g\u00e5 hem b\u00e4ttre \u00e4n kalla fakta<\/em>, konstaterar <strong>Sara Kristoffersson<\/strong> nyligen i en <a href=\"http:\/\/www.svd.se\/kulturnoje\/understrecket\/artikel_2563577.svd\"><strong> Under-streckare i Svenska Dagbladet <\/strong><\/a>. Hon \u00e4r fil dr i konstvetenskap och g\u00e4stlektor p\u00e5 Konstfack. Och visst&#8230;<\/p>\n<p><!--more--><br \/>\nkan man s\u00e4ga s\u00e5.<br \/>\nJag f\u00f6r min del brukar s\u00e4ga att storytelling och ber\u00e4ttelser (jag anv\u00e4nder helst inte ordet historier eftersom det ger felaktiga associationer) p\u00e5verkar och argumenterar p\u00e5 ett annat s\u00e4tt \u00e4n faktuell kommunikation. Hj\u00e4rta mer \u00e4n hj\u00e4rna, enkelt uttryckt.<br \/>\nV\u00e5ra samtida organisationskulturer har l\u00e4nge haft faktuella slagsidor i sin kommunikation. Det \u00e4r d\u00e4rf\u00f6r det m\u00f6jligen v\u00e5ras f\u00f6r det emotionella. Man kan f\u00f6rst\u00e5s ocks\u00e5 konstatera att emotionell kommunikation fortfarande \u00e4r t\u00e4mligen oexploaterad, inte minst i Skandinavien. M\u00e4nniskan har emotioner.<br \/>\nOrdet <em>kommunikation<\/em> betyder g\u00f6ra gemensam och det \u00e4r vad en ber\u00e4ttelse f\u00f6rs\u00f6ker g\u00f6ra. Den f\u00f6rs\u00f6ker ber\u00f6ra och dela med sig av en k\u00e4nsla.<br \/>\nSara Kristoffersson snuddar ocks\u00e5 vid fr\u00e5gan om sanna eller p\u00e5hittade ber\u00e4ttelser.<br \/>\nJag f\u00f6r min del ser ber\u00e4ttelsen om ett kulturkapital som \u00e4r h\u00e4mtat fr\u00e5n verkligheten och som delas av folkgrupper, b\u00e5de medarbetare och kunder\/brukare<br \/>\nI g\u00e5r till exempel var jag och f\u00f6rel\u00e4ste och storysk\u00f6rdade hos informat\u00f6rer i Stockholms Stad. D\u00e5 skulle jag kunna s\u00e4ga att jag tr\u00e4ffade <em>Stockholms-Stads-folket<\/em>. M\u00e4nniskor som s\u00e4ljer 40 tim i veckan av sina vakna tid f\u00f6r att hantera organisationen Stockholms Stad, som f\u00f6r \u00f6vrigt \u00e4r Sveriges st\u00f6rsta arbetsgivare.<br \/>\nDet \u00e4r klart att deras ber\u00e4ttelser, deras kulturkapital, visar hur de hanterar sitt uppdrag. Att det \u00e4r n\u00e5got fint som kan addera v\u00e4rden till varor och tj\u00e4nster om man bara ber\u00e4ttar.<br \/>\nDessutom \u00e4r det viktigt f\u00f6r dem att sk\u00f6rda ber\u00e4ttelser som visar meningen med att de finns till i sin vardag och hur medborgarna bekr\u00e4ftar detta. S\u00e5 samlar vi ber\u00e4ttelser. Dessa ber\u00e4ttelser ska senare befolka Stockholms varum\u00e4rke i arbetet med <strong>Vision 2030<\/strong>.<br \/>\nDetta beh\u00f6ver man inte, som Sara Kristoffersson lite f\u00f6rs\u00e5tligt g\u00f6r, f\u00f6rminska med ord som <em>reklammakarnas fr\u00e4msta redskap<\/em> eller p\u00e5st\u00e5enden om <em>cyniska tekniker<\/em>.<br \/>\nDet handlar helt enkelt om att ber\u00e4tta om verkliga och duktiga m\u00e4nniskor som arbetar f\u00f6r ett Stockholm i v\u00e4rldsklass och som vill ber\u00e4tta med exempel hur det kan g\u00e5 till och p\u00e5 vilket s\u00e4tt v\u00e4rldklassambitionerna kan yttra sig.<br \/>\nDessa ber\u00e4ttelser \u00e4r lika mycket kultur som vilken <em>kultur-kultur<\/em> som helst och skulle mycket v\u00e4l kunna framf\u00f6ras p\u00e5 n\u00e5gon av stadens kulturscener.<\/p>\n","protected":false},"excerpt":{"rendered":"<p>Historier tycks helt enkelt g\u00e5 hem b\u00e4ttre \u00e4n kalla fakta, konstaterar Sara Kristoffersson nyligen i en Under-streckare i Svenska Dagbladet . Hon \u00e4r fil dr i konstvetenskap och g\u00e4stlektor p\u00e5 Konstfack. Och visst&#8230;<\/p>\n","protected":false},"author":2,"featured_media":0,"comment_status":"open","ping_status":"closed","sticky":false,"template":"","format":"standard","meta":[],"categories":[2],"tags":[],"_links":{"self":[{"href":"https:\/\/storytellers.se\/index.php?rest_route=\/wp\/v2\/posts\/2182"}],"collection":[{"href":"https:\/\/storytellers.se\/index.php?rest_route=\/wp\/v2\/posts"}],"about":[{"href":"https:\/\/storytellers.se\/index.php?rest_route=\/wp\/v2\/types\/post"}],"author":[{"embeddable":true,"href":"https:\/\/storytellers.se\/index.php?rest_route=\/wp\/v2\/users\/2"}],"replies":[{"embeddable":true,"href":"https:\/\/storytellers.se\/index.php?rest_route=%2Fwp%2Fv2%2Fcomments&post=2182"}],"version-history":[{"count":0,"href":"https:\/\/storytellers.se\/index.php?rest_route=\/wp\/v2\/posts\/2182\/revisions"}],"wp:attachment":[{"href":"https:\/\/storytellers.se\/index.php?rest_route=%2Fwp%2Fv2%2Fmedia&parent=2182"}],"wp:term":[{"taxonomy":"category","embeddable":true,"href":"https:\/\/storytellers.se\/index.php?rest_route=%2Fwp%2Fv2%2Fcategories&post=2182"},{"taxonomy":"post_tag","embeddable":true,"href":"https:\/\/storytellers.se\/index.php?rest_route=%2Fwp%2Fv2%2Ftags&post=2182"}],"curies":[{"name":"wp","href":"https:\/\/api.w.org\/{rel}","templated":true}]}}