{"id":2180,"date":"2009-03-23T18:17:00","date_gmt":"2009-03-23T17:17:00","guid":{"rendered":"http:\/\/heijbel.wordpress.com\/2009\/03\/23\/informatorer-i-stockholms-stad"},"modified":"2009-03-23T18:17:00","modified_gmt":"2009-03-23T17:17:00","slug":"informatorer-i-stockholms-stad","status":"publish","type":"post","link":"https:\/\/storytellers.se\/?p=2180","title":{"rendered":"Informat\u00f6rer i Stockholms Stad"},"content":{"rendered":"<p>I dag har jag haft ett halvdagsseminarium med ett 30-tal informat\u00f6rer i Stockholms Stad som ska b\u00f6rja anv\u00e4nda Storytelling f\u00f6r att befolka <a href=\"http:\/\/www.stockholm.se\/OmStockholm\/Stadsutveckling\/Vision-2030\/\"><strong> Vision 2030 <\/strong><\/a>med sanna ber\u00e4ttelser sk\u00f6rdade fr\u00e5n Stockholmsverkligheten.<\/p>\n","protected":false},"excerpt":{"rendered":"<p>I dag har jag haft ett halvdagsseminarium med ett 30-tal informat\u00f6rer i Stockholms Stad som ska b\u00f6rja anv\u00e4nda Storytelling f\u00f6r att befolka Vision 2030 med sanna ber\u00e4ttelser sk\u00f6rdade fr\u00e5n Stockholmsverkligheten.<\/p>\n","protected":false},"author":2,"featured_media":0,"comment_status":"open","ping_status":"closed","sticky":false,"template":"","format":"standard","meta":[],"categories":[2],"tags":[],"_links":{"self":[{"href":"https:\/\/storytellers.se\/index.php?rest_route=\/wp\/v2\/posts\/2180"}],"collection":[{"href":"https:\/\/storytellers.se\/index.php?rest_route=\/wp\/v2\/posts"}],"about":[{"href":"https:\/\/storytellers.se\/index.php?rest_route=\/wp\/v2\/types\/post"}],"author":[{"embeddable":true,"href":"https:\/\/storytellers.se\/index.php?rest_route=\/wp\/v2\/users\/2"}],"replies":[{"embeddable":true,"href":"https:\/\/storytellers.se\/index.php?rest_route=%2Fwp%2Fv2%2Fcomments&post=2180"}],"version-history":[{"count":0,"href":"https:\/\/storytellers.se\/index.php?rest_route=\/wp\/v2\/posts\/2180\/revisions"}],"wp:attachment":[{"href":"https:\/\/storytellers.se\/index.php?rest_route=%2Fwp%2Fv2%2Fmedia&parent=2180"}],"wp:term":[{"taxonomy":"category","embeddable":true,"href":"https:\/\/storytellers.se\/index.php?rest_route=%2Fwp%2Fv2%2Fcategories&post=2180"},{"taxonomy":"post_tag","embeddable":true,"href":"https:\/\/storytellers.se\/index.php?rest_route=%2Fwp%2Fv2%2Ftags&post=2180"}],"curies":[{"name":"wp","href":"https:\/\/api.w.org\/{rel}","templated":true}]}}