{"id":2178,"date":"2009-03-18T10:49:13","date_gmt":"2009-03-18T09:49:13","guid":{"rendered":"http:\/\/heijbel.wordpress.com\/2009\/03\/18\/storytelling-underlattar-samarbete"},"modified":"2009-03-18T10:49:13","modified_gmt":"2009-03-18T09:49:13","slug":"storytelling-underlattar-samarbete","status":"publish","type":"post","link":"https:\/\/storytellers.se\/?p=2178","title":{"rendered":"Storytelling underl\u00e4ttar samarbete"},"content":{"rendered":"<p>M\u00e5nga g\u00e5nger, inte minst inom den s\u00e5 kallade offentliga sektorn, p\u00e5g\u00e5r olika typer av samarbeten och parallella projekt. Jag \u00e4r ibland involverad i kommunikationen kring dessa f\u00f6r att med hj\u00e4lp av ber\u00e4ttelser ge de inblandade parterna en gemensam bild av vad de faktiskt h\u00e5ller p\u00e5 med. En bild av vad de hoppas kunna uppn\u00e5, dvs varf\u00f6r de \u00f6verhuvudtaget h\u00e5ller p\u00e5.<br \/>\nBer\u00e4ttelserna kan d\u00e5 vara ett bildm\u00e4ssigt s\u00e4tt att f\u00e5 de inblandade att lyfta blicken fr\u00e5n den egna organisationens begrepp och strukturer upp till en gemensam bild av verkligheten. Vision\u00e4rt ber\u00e4ttande allts\u00e5.<\/p>\n","protected":false},"excerpt":{"rendered":"<p>M\u00e5nga g\u00e5nger, inte minst inom den s\u00e5 kallade offentliga sektorn, p\u00e5g\u00e5r olika typer av samarbeten och parallella projekt. Jag \u00e4r ibland involverad i kommunikationen kring dessa f\u00f6r att med hj\u00e4lp av ber\u00e4ttelser ge de inblandade parterna en gemensam bild av vad de faktiskt h\u00e5ller p\u00e5 med. En bild av vad de hoppas kunna uppn\u00e5, dvs&#8230;<\/p>\n","protected":false},"author":2,"featured_media":0,"comment_status":"open","ping_status":"closed","sticky":false,"template":"","format":"standard","meta":[],"categories":[2],"tags":[],"_links":{"self":[{"href":"https:\/\/storytellers.se\/index.php?rest_route=\/wp\/v2\/posts\/2178"}],"collection":[{"href":"https:\/\/storytellers.se\/index.php?rest_route=\/wp\/v2\/posts"}],"about":[{"href":"https:\/\/storytellers.se\/index.php?rest_route=\/wp\/v2\/types\/post"}],"author":[{"embeddable":true,"href":"https:\/\/storytellers.se\/index.php?rest_route=\/wp\/v2\/users\/2"}],"replies":[{"embeddable":true,"href":"https:\/\/storytellers.se\/index.php?rest_route=%2Fwp%2Fv2%2Fcomments&post=2178"}],"version-history":[{"count":0,"href":"https:\/\/storytellers.se\/index.php?rest_route=\/wp\/v2\/posts\/2178\/revisions"}],"wp:attachment":[{"href":"https:\/\/storytellers.se\/index.php?rest_route=%2Fwp%2Fv2%2Fmedia&parent=2178"}],"wp:term":[{"taxonomy":"category","embeddable":true,"href":"https:\/\/storytellers.se\/index.php?rest_route=%2Fwp%2Fv2%2Fcategories&post=2178"},{"taxonomy":"post_tag","embeddable":true,"href":"https:\/\/storytellers.se\/index.php?rest_route=%2Fwp%2Fv2%2Ftags&post=2178"}],"curies":[{"name":"wp","href":"https:\/\/api.w.org\/{rel}","templated":true}]}}