{"id":2170,"date":"2009-03-13T09:51:05","date_gmt":"2009-03-13T08:51:05","guid":{"rendered":"http:\/\/heijbel.wordpress.com\/2009\/03\/13\/bra-chefer-ser-storytelling"},"modified":"2009-03-13T09:51:05","modified_gmt":"2009-03-13T08:51:05","slug":"bra-chefer-ser-storytelling","status":"publish","type":"post","link":"https:\/\/storytellers.se\/?p=2170","title":{"rendered":"Bra chefer ser Storytelling"},"content":{"rendered":"<p>Dags f\u00f6r lite skryt. Jag menar om jag f\u00e5r spegla mig lite i andras framg\u00e5ngar. P\u00e5 <strong>Kompetensgalan<\/strong> h\u00e4r om dagen uts\u00e5gs <strong>Palle Lundberg<\/strong>, kommundirekt\u00f6r i Botkyrka, till <em><strong>\u00c5rets Chef<\/strong><\/em>. Han har arbetat h\u00e5rt med att bygga den verkliga bilden av Botkyrka. Postens <strong>Marie Hallander Larsson<\/strong> blev tack vare sin<em> &#8221;entusiasm, viljestyrka och positiva m\u00e4nniskosyn&#8221;<\/em> <em><strong>\u00c5rets Human Resource-chef<\/strong><\/em>. S\u00e5 skrytet d\u00e5. Jo b\u00e5da har anlitat mig i storytellingsammanhang. Botkyrka r\u00e4tt brett, Posten mer enstaka. De ser Storytelling. Marie Hallander Larsson s\u00e5g f\u00f6rresten kraften i Storytelling f\u00f6re de flesta andra h\u00e4r i  landet. Redan i b\u00f6rjan av 2000-talet. De som ser v\u00e4rdet i ber\u00e4ttarkapitalet blir framg\u00e5ngsrika i sitt ledarskap.<\/p>\n","protected":false},"excerpt":{"rendered":"<p>Dags f\u00f6r lite skryt. Jag menar om jag f\u00e5r spegla mig lite i andras framg\u00e5ngar. P\u00e5 Kompetensgalan h\u00e4r om dagen uts\u00e5gs Palle Lundberg, kommundirekt\u00f6r i Botkyrka, till \u00c5rets Chef. Han har arbetat h\u00e5rt med att bygga den verkliga bilden av Botkyrka. Postens Marie Hallander Larsson blev tack vare sin &#8221;entusiasm, viljestyrka och positiva m\u00e4nniskosyn&#8221; \u00c5rets&#8230;<\/p>\n","protected":false},"author":2,"featured_media":0,"comment_status":"open","ping_status":"closed","sticky":false,"template":"","format":"standard","meta":[],"categories":[2],"tags":[],"_links":{"self":[{"href":"https:\/\/storytellers.se\/index.php?rest_route=\/wp\/v2\/posts\/2170"}],"collection":[{"href":"https:\/\/storytellers.se\/index.php?rest_route=\/wp\/v2\/posts"}],"about":[{"href":"https:\/\/storytellers.se\/index.php?rest_route=\/wp\/v2\/types\/post"}],"author":[{"embeddable":true,"href":"https:\/\/storytellers.se\/index.php?rest_route=\/wp\/v2\/users\/2"}],"replies":[{"embeddable":true,"href":"https:\/\/storytellers.se\/index.php?rest_route=%2Fwp%2Fv2%2Fcomments&post=2170"}],"version-history":[{"count":0,"href":"https:\/\/storytellers.se\/index.php?rest_route=\/wp\/v2\/posts\/2170\/revisions"}],"wp:attachment":[{"href":"https:\/\/storytellers.se\/index.php?rest_route=%2Fwp%2Fv2%2Fmedia&parent=2170"}],"wp:term":[{"taxonomy":"category","embeddable":true,"href":"https:\/\/storytellers.se\/index.php?rest_route=%2Fwp%2Fv2%2Fcategories&post=2170"},{"taxonomy":"post_tag","embeddable":true,"href":"https:\/\/storytellers.se\/index.php?rest_route=%2Fwp%2Fv2%2Ftags&post=2170"}],"curies":[{"name":"wp","href":"https:\/\/api.w.org\/{rel}","templated":true}]}}