{"id":2168,"date":"2009-03-12T11:06:19","date_gmt":"2009-03-12T10:06:19","guid":{"rendered":"http:\/\/heijbel.wordpress.com\/2009\/03\/12\/nyhetsbrev-42-om-berattarkapitalet"},"modified":"2009-03-12T11:06:19","modified_gmt":"2009-03-12T10:06:19","slug":"nyhetsbrev-42-om-berattarkapitalet","status":"publish","type":"post","link":"https:\/\/storytellers.se\/?p=2168","title":{"rendered":"Nyhetsbrev 42: Om ber\u00e4ttarkapitalet"},"content":{"rendered":"<p>Nu har Nyhetsbrev 42: <strong>Anv\u00e4nd ber\u00e4ttarkapitalet<\/strong> g\u00e5tt ut till drygt 2000 prenumeranter. Du kan l\u00e4sa det genom att klicka p\u00e5 l\u00e4nken h\u00e4r under. Vill du ocks\u00e5 ha ett nyhetsbrev i din mailbox en g\u00e5ng i m\u00e5naden s\u00e5 kan du maila <a href=\"mailto:nyhetsbrev@storytellers.se\">nyhetsbrev@storytellers.se<\/a><\/p>\n<p><!--more--><br \/>\n<strong>Nyhetsbrev 42<\/strong><br \/>\nHej Storytellerv\u00e4n,<br \/>\nJag brukar ofta ber\u00e4tta om min finska mamma och min svenska pappa som sammaf\u00f6rdes tack vare andra v\u00e4rldskriget. De hade tr\u00e4ffats i Helsingfors f\u00f6re krigsutbrottet och brevv\u00e4xlade sen en tid med varandra.<br \/>\nN\u00e4r de ryska bomberna f\u00f6ll \u00f6ver Helsingfors var mamma s\u00e5 r\u00e4dd d\u00e4r i skyddsrummet i centrala Helsingfors att hon beslutade sig f\u00f6r att fly till Sverige.<br \/>\nMamma gick, liftade och tjuv\u00e5kte t\u00e5g upp genom Finland och till slut flydde hon \u00f6ver bron mellan Torne\u00e5 och Haparanda och passerade d\u00e4rmed gr\u00e4nsen till den svenska sidan.<br \/>\nD\u00e4r stod pappa som v\u00e4rnpliktig soldat. De gifte sig och fick fyra barn. Det yngsta av dessa barn \u00e4r jag.<br \/>\nAtt hon sprang \u00f6ver bron mellan Finland och Sverige \u00e4r f\u00f6rst\u00e5s en av de viktigaste ber\u00e4ttelserna i mitt ber\u00e4ttarkapital. Det \u00e4r ju d\u00e4rf\u00f6r jag finns.<br \/>\nPappa kunde ocks\u00e5 p\u00e5st\u00e5, p\u00e5 slutet, att han aldrig hade f\u00e5tt henne om inte kriget hade kommit.<br \/>\n+++++++++++++++++++++++++++++++++++++++++++++<br \/>\nAlla m\u00e4nniskor har ber\u00e4ttelser om varf\u00f6r de finns, varifr\u00e5n de kommer, var de befinner sig och i b\u00e4sta fall vart de \u00e4r p\u00e5 v\u00e4g. Familjen \u00e4r en organisation som blir begriplig tack vare sina ber\u00e4ttelser.<br \/>\nMin mamma var en ung studentska. Hon flydde och hade best\u00e4mt sig f\u00f6r att komma till Sverige och s\u00f6ka upp sin brevv\u00e4n. Hon v\u00e5gade, hon var fokuserad och m\u00e5linriktad. Det \u00e4r v\u00e4rderingar som jag kan f\u00f6rknippa med den h\u00e4ndelsen.<br \/>\n+++++++++++++++++++++++++++++++++++++++++++++<br \/>\nFamiljen \u00e4r allts\u00e5 en organisation precis som f\u00f6retaget och andra arbetsorganisationer ocks\u00e5 \u00e4r det. Familjen beh\u00f6ver sitt ber\u00e4ttarkapital och det beh\u00f6ver ocks\u00e5 f\u00f6retaget. Det \u00e4r det som \u00e4r mitt grundperspektiv i Corporate Storytelling.<br \/>\nJag brukar tala om f\u00f6retagsfolklore. Allts\u00e5 att f\u00f6retagen har, \u00e4ven om vi inte vet det eller vill det, en egen folklore. Precis som i andra kulturella sammanhang \u00e4r denna folklore en energi och kraft som r\u00e4tt anv\u00e4nd kan leda till framg\u00e5ng.<br \/>\nIndianerna i Amazonas har sin folklore, samerna p\u00e5 Nordkalotten har sin. Daghemmet i Hudiksvall och pl\u00e5tverkstan i Molkom har sin folklore. Och din och min familj har den ocks\u00e5.<br \/>\n+++++++++++++++++++++++++++++++++++++++++++++<br \/>\nSom Storyteller arbetar jag med att s\u00f6ka, finna, sk\u00f6rda och f\u00f6rpacka de ber\u00e4ttelser som g\u00f6r organisationen framg\u00e5ngsrik och vacker. Jag s\u00f6ker ber\u00e4ttelser som visar v\u00e4rderingar f\u00f6r att locka till sig m\u00e4nniskor som vill vara en del av den f\u00f6retagskulturen.<br \/>\nJag s\u00f6ker och f\u00f6rpackar ber\u00e4ttelser som kan g\u00f6ra de varor och tj\u00e4nster som &#8221;triben&#8221; producerar mer begripliga och attraktiva. Jag letar efter ber\u00e4ttelser som g\u00f6r att medarbetarna f\u00f6rst\u00e5r var f\u00f6retaget kommer ifr\u00e5n, vart det befinner sig och vad vi hoppas uppn\u00e5 tillsammans.<br \/>\nDet h\u00e4r \u00e4r roligt och kraftfullt. F\u00f6r mig \u00e4r det obergipligt att inte varenda f\u00f6retag och varje organisation f\u00f6rst\u00e5r detta och s\u00e4tter detta kapital i arbete.<br \/>\nJag har som f\u00f6rfattare och journalist med socialantropolgisk bakgrund ett kommersiellt kulturperspektiv p\u00e5 detta.  Det \u00e4r d\u00e4rf\u00f6r jag anlitas. De som vill s\u00f6ka och finna och s\u00e4tta sitt kulturkapital i arbete investerar i sin organisation och sin business med hj\u00e4lp av mina erfarenheter och sk\u00f6rdemetoder.<br \/>\n+++++++++++++++++++++++++++++++++++++++++++++<br \/>\nI Sickla K\u00f6pkvarter, som ligger i Nacka alldeles intill Hammarby Sj\u00f6stad, har man visionen att bygga en naturlig stadsk\u00e4rna till de cirka 35.000 m\u00e4nniskor som bor omkring Sickla. D\u00e4r placebrandar vi bland annat genom storyduscharna i en galleria.<br \/>\nDu s\u00e4tter dig frivilligt i storyduschen och trycker frivilligt p\u00e5 knappen. D\u00e5 f\u00e5r du en Sicklastory duschad \u00f6ver dig. Det \u00e4r bara du som h\u00f6r. Det \u00e4r ingen allm\u00e4n nedsmutsning av luftrummet.<br \/>\nEnligt m\u00e4tningarna lyssnar ungef\u00e4r 100.000 m\u00e4nniskor p\u00e5 dessa ber\u00e4ttelser under det f\u00f6rsta \u00e5ret. De f\u00e5r h\u00f6ra om platsens sj\u00e4l, om nya Kunskapsgallerian som \u00e4r ett speciellt gymnasium, om den urbana sk\u00f6nheten n\u00e4r Nackamasten sl\u00e5r sin ljusk\u00e4gla mot h\u00f6ghusens f\u00f6nster, om gruvan under Sickla d\u00e4r Atlas Copco i alla tider har testat sina bergborrmaskiner.<br \/>\nTanken \u00e4r att den som lyssnar ska fascineras och se det samma. Bli budb\u00e4rare av id\u00e9n om Sickla,<br \/>\nM\u00e4tningar fr\u00e5n en annan storydusch som vi byggt tillsammans med Arlanda Express, visar att dessa budskap presenterade p\u00e5 detta s\u00e4tt har h\u00f6g trov\u00e4rdighet.<br \/>\nRaka, korta, enkla och sanna anekdotiska ber\u00e4ttelser om platsen Sickla l\u00e4gger merv\u00e4rde till allt och alla som \u00e4r verksamma d\u00e4r.<br \/>\nPrecis som ber\u00e4ttelsen om min mamma ger ett merv\u00e4rde till mitt hem, mina barn och min sl\u00e4kt. Men d\u00e5 f\u00e5r man lov att leverera, man m\u00e5ste ber\u00e4tta. Det \u00e4r storytelling in organizations.<br \/>\n+++++++++++++++++++++++++++++++++++++++++++++<br \/>\nS\u00e5 anv\u00e4nd ber\u00e4ttelserna. De \u00e4r ett kulturkapital och de finns d\u00e4r redo att arbeta f\u00f6r ditt b\u00e4sta och f\u00f6r att befolka varum\u00e4rket. Varum\u00e4rken finns i alla m\u00e4nskliga sammanhang vare sig vi tror det, eller vill det, eller inte.<br \/>\nSpeciellt nu n\u00e4r budgetar krymper s\u00e5 \u00e4r det l\u00e4ge att s\u00e4tta fart p\u00e5 ber\u00e4ttarkapitalet. Det \u00e4r ett billigt och trov\u00e4rdigt s\u00e4tt att kommunicera. Och man beh\u00f6ver inte hitta p\u00e5. Allt sitter ju d\u00e4r och v\u00e4ntar. Framf\u00f6r n\u00e4san p\u00e5 oss. Det finns metoder och verktyg att ta sig an detta.<br \/>\nGenom att ber\u00e4tta st\u00e4rker man kulturen och samlar styrkorna. Ocks\u00e5 i denna sv\u00e5ra tid.<br \/>\nPrecis som i familjen som h\u00e5ller ihop i sv\u00e5ra tider och hoppas att frosten inte ska ta potatisen n\u00e4sta \u00e5r ocks\u00e5.<br \/>\n+++++++++++++++++++++++++++++++++++++++++++++<br \/>\nDu f\u00e5r det h\u00e4r nyhetsbrevet f\u00f6r att du bett om det eller skrivit p\u00e5 en lista p\u00e5 n\u00e5got av mina seminarier runt om i landet.<br \/>\nJust nu arbetar jag mycket med Sandvik Coromant och Stockholms Stad. Om tio dagar ska jag ha ett heldagsseminarium p\u00e5 Wednesday Relations, det finns platser kvar till det. Jag ska tala p\u00e5 Landsbygdsn\u00e4tverket och hos Sveriges b\u00e4sta varum\u00e4rkesbyr\u00e5 Rewir &#8211; enligt ett pris de fick nyligen. Om n\u00e5gon m\u00e5nad ska jag ha  en rad f\u00f6rl\u00e4sningar i Skellefte\u00e5. Och mycket annat.<br \/>\nDet finns mer om allt detta och mycket mycket mer p\u00e5 www.storytellers.se som \u00e4r t\u00e4nkt att vara den naturliga entusiastplatsen f\u00f6r de h\u00e4r tankarna p\u00e5 svenska spr\u00e5ket.<br \/>\nVill du inte ha det h\u00e4r nyhetsbrevet mer s\u00e5 kan du v\u00e4nda det med ett: Nej Tack, eller s\u00e5 kan du skriva till nyhetsbrev@storytellers.se och s\u00e4ga till.<br \/>\nJag som skriver och st\u00e5r f\u00f6r de h\u00e4r tankarna heter Matts Heijbel. Du f\u00e5r g\u00e4rna citera men ange d\u00e5 k\u00e4llan h\u00e4lsar<br \/>\nMatts<br \/>\nStockholm \/ Gr\u00f6dinge<br \/>\n12 mars 2009<\/p>\n","protected":false},"excerpt":{"rendered":"<p>Nu har Nyhetsbrev 42: Anv\u00e4nd ber\u00e4ttarkapitalet g\u00e5tt ut till drygt 2000 prenumeranter. Du kan l\u00e4sa det genom att klicka p\u00e5 l\u00e4nken h\u00e4r under. Vill du ocks\u00e5 ha ett nyhetsbrev i din mailbox en g\u00e5ng i m\u00e5naden s\u00e5 kan du maila nyhetsbrev@storytellers.se<\/p>\n","protected":false},"author":2,"featured_media":0,"comment_status":"open","ping_status":"closed","sticky":false,"template":"","format":"standard","meta":[],"categories":[8],"tags":[],"_links":{"self":[{"href":"https:\/\/storytellers.se\/index.php?rest_route=\/wp\/v2\/posts\/2168"}],"collection":[{"href":"https:\/\/storytellers.se\/index.php?rest_route=\/wp\/v2\/posts"}],"about":[{"href":"https:\/\/storytellers.se\/index.php?rest_route=\/wp\/v2\/types\/post"}],"author":[{"embeddable":true,"href":"https:\/\/storytellers.se\/index.php?rest_route=\/wp\/v2\/users\/2"}],"replies":[{"embeddable":true,"href":"https:\/\/storytellers.se\/index.php?rest_route=%2Fwp%2Fv2%2Fcomments&post=2168"}],"version-history":[{"count":0,"href":"https:\/\/storytellers.se\/index.php?rest_route=\/wp\/v2\/posts\/2168\/revisions"}],"wp:attachment":[{"href":"https:\/\/storytellers.se\/index.php?rest_route=%2Fwp%2Fv2%2Fmedia&parent=2168"}],"wp:term":[{"taxonomy":"category","embeddable":true,"href":"https:\/\/storytellers.se\/index.php?rest_route=%2Fwp%2Fv2%2Fcategories&post=2168"},{"taxonomy":"post_tag","embeddable":true,"href":"https:\/\/storytellers.se\/index.php?rest_route=%2Fwp%2Fv2%2Ftags&post=2168"}],"curies":[{"name":"wp","href":"https:\/\/api.w.org\/{rel}","templated":true}]}}