{"id":2166,"date":"2009-03-11T15:54:41","date_gmt":"2009-03-11T14:54:41","guid":{"rendered":"http:\/\/heijbel.wordpress.com\/2009\/03\/11\/rabatterad-kurs-i-stockholm"},"modified":"2009-03-11T15:54:41","modified_gmt":"2009-03-11T14:54:41","slug":"rabatterad-kurs-i-stockholm","status":"publish","type":"post","link":"https:\/\/storytellers.se\/?p=2166","title":{"rendered":"Rabatterad kurs i Stockholm"},"content":{"rendered":"<p>Nu den 20 mars h\u00e5ller jag en heldag om Storytelling i och om organisationer, varor och tj\u00e4nster. Kursen g\u00e5r i Gamla Stan i Stockholm och arrang\u00f6r \u00e4r <strong>Wednesday Relations<\/strong>. F\u00f6r att g\u00e5 emot konjunkturf\u00f6rsiktigheten erbjuder Wednesday Relations nu <em>halva ordinarie priset<\/em> p\u00e5 v\u00e5rens kurser. Det finns fortfarande platser kvar p\u00e5 <a href=\"http:\/\/www.wednesdayrelations.org\/main.asp?areaID=32&amp;CategoryID=237&amp;PageType=0\"><strong> denna kurs<\/strong><\/a>. \u00c4r du intresserad och kan s\u00e5 kan du d\u00e5 skaffa dig en god  inblick i detta \u00e4mne och dess verktyg fr\u00e5n den mest erfarne.<\/p>\n","protected":false},"excerpt":{"rendered":"<p>Nu den 20 mars h\u00e5ller jag en heldag om Storytelling i och om organisationer, varor och tj\u00e4nster. Kursen g\u00e5r i Gamla Stan i Stockholm och arrang\u00f6r \u00e4r Wednesday Relations. F\u00f6r att g\u00e5 emot konjunkturf\u00f6rsiktigheten erbjuder Wednesday Relations nu halva ordinarie priset p\u00e5 v\u00e5rens kurser. Det finns fortfarande platser kvar p\u00e5 denna kurs. \u00c4r du intresserad&#8230;<\/p>\n","protected":false},"author":2,"featured_media":0,"comment_status":"open","ping_status":"closed","sticky":false,"template":"","format":"standard","meta":[],"categories":[9],"tags":[],"_links":{"self":[{"href":"https:\/\/storytellers.se\/index.php?rest_route=\/wp\/v2\/posts\/2166"}],"collection":[{"href":"https:\/\/storytellers.se\/index.php?rest_route=\/wp\/v2\/posts"}],"about":[{"href":"https:\/\/storytellers.se\/index.php?rest_route=\/wp\/v2\/types\/post"}],"author":[{"embeddable":true,"href":"https:\/\/storytellers.se\/index.php?rest_route=\/wp\/v2\/users\/2"}],"replies":[{"embeddable":true,"href":"https:\/\/storytellers.se\/index.php?rest_route=%2Fwp%2Fv2%2Fcomments&post=2166"}],"version-history":[{"count":0,"href":"https:\/\/storytellers.se\/index.php?rest_route=\/wp\/v2\/posts\/2166\/revisions"}],"wp:attachment":[{"href":"https:\/\/storytellers.se\/index.php?rest_route=%2Fwp%2Fv2%2Fmedia&parent=2166"}],"wp:term":[{"taxonomy":"category","embeddable":true,"href":"https:\/\/storytellers.se\/index.php?rest_route=%2Fwp%2Fv2%2Fcategories&post=2166"},{"taxonomy":"post_tag","embeddable":true,"href":"https:\/\/storytellers.se\/index.php?rest_route=%2Fwp%2Fv2%2Ftags&post=2166"}],"curies":[{"name":"wp","href":"https:\/\/api.w.org\/{rel}","templated":true}]}}