{"id":2164,"date":"2009-03-11T11:44:55","date_gmt":"2009-03-11T10:44:55","guid":{"rendered":"http:\/\/heijbel.wordpress.com\/2009\/03\/11\/storytelling-i-55-plusorganisationer"},"modified":"2009-03-11T11:44:55","modified_gmt":"2009-03-11T10:44:55","slug":"storytelling-i-55-plusorganisationer","status":"publish","type":"post","link":"https:\/\/storytellers.se\/?p=2164","title":{"rendered":"Storytelling i 55-plusorganisationer"},"content":{"rendered":"<p>Ibland handlar Storytelling om att addera v\u00e4rden till varor och tj\u00e4nster i samband med marknadsf\u00f6ringen. Ibland att lyssna av och \u00e5terber\u00e4tta kundernas ber\u00e4ttelser eftersom kunderna \u00e4r de egentliga varum\u00e4rkesb\u00e4rarna. Ibland handlar Storytelling om att coacha i ledarskap och synligg\u00f6ra v\u00e4rden i den egna kulturen. Ibland handlar Storytelling om rekrytering. S\u00e4rskilt dramatiskt kan det vara i 55-plusorganisationer. Jag har flera g\u00e5nger samlat&#8230;<\/p>\n<p><!--more--><br \/>\nstories i organisationer med snitt\u00e5ldrar kring och \u00f6ver 50 f\u00f6r att se hur ber\u00e4ttelserna ska g\u00f6ra dem synliga f\u00f6r de unga.<br \/>\nDessa organisationer inser att de st\u00e5r inf\u00f6r stora generationsv\u00e4xlingar d\u00e4r v\u00e4rden ska synligg\u00f6ras, \u00f6verf\u00f6ras och anv\u00e4ndas f\u00f6r att fungera i 2000-talets andra \u00e5rtionde. De inser ocks\u00e5 att de m\u00e5ste lyssna och f\u00f6rst\u00e5 den omv\u00e4rld som f\u00f6r\u00e4ndrats s\u00e5 under 2000-talet.<br \/>\nDe \u00e4r inte ensamma. Det kommer att bli konkurrens, f\u00f6r att inte s\u00e4ga huggsexa, om de unga forts\u00e4ttarna.<br \/>\nDetta g\u00e4ller speciellt i den s\u00e5 kallade offentliga sektorn. Kommuner, landsting, myndigheter och statliga bolag som har rekryterat v\u00e4ldigt lite p\u00e5 senare \u00e5rtionden. Jag talade nyligen med en bekant som arbetade i ett arbetslag p\u00e5 <strong>Posten<\/strong> d\u00e4r snitt\u00e5ldern var \u00f6ver 60&#8230;.!<br \/>\nHur ska dessa \u00e5ldrande organisationer n\u00e5 fram till de unga som ibland inte ens hunnit reflektera \u00f6ver dessa system som t\u00e4nkbara arbetsgivare?<br \/>\nHur ska dessa organisationer ta vara p\u00e5 och utvecklas med hj\u00e4lp av generationsv\u00e4xlingen?<br \/>\nOm n\u00e5gra dagar ska jag g\u00e4stf\u00f6rel\u00e4sa i en annan \u00e5ldrande kultur. Jag ska tala inf\u00f6r de blivande presidenterna i <strong>Rotary<\/strong> Norra Stockholm. Rotary har f\u00f6rst\u00e5s ber\u00e4ttelser men hur ska de sk\u00f6rda, formulera och anv\u00e4nda dem?<br \/>\nRotary \u00e4r sannerligen ingen ungdomsg\u00e5rd. Det m\u00e4rkte jag n\u00e4r jag f\u00f6rra \u00e5ret senast var inbjuden till en Rotaryf\u00f6rening.<br \/>\nD\u00e4r finns allts\u00e5 en utmaning i att n\u00e5 fram till de unga. Hur ska det annars g\u00e5? Vilka ber\u00e4ttelser beh\u00f6ver Rotary f\u00f6r att synas f\u00f6r de nya generationerna?<br \/>\nOch vilka kanaler?<\/p>\n","protected":false},"excerpt":{"rendered":"<p>Ibland handlar Storytelling om att addera v\u00e4rden till varor och tj\u00e4nster i samband med marknadsf\u00f6ringen. Ibland att lyssna av och \u00e5terber\u00e4tta kundernas ber\u00e4ttelser eftersom kunderna \u00e4r de egentliga varum\u00e4rkesb\u00e4rarna. Ibland handlar Storytelling om att coacha i ledarskap och synligg\u00f6ra v\u00e4rden i den egna kulturen. Ibland handlar Storytelling om rekrytering. S\u00e4rskilt dramatiskt kan det vara i&#8230;<\/p>\n","protected":false},"author":2,"featured_media":0,"comment_status":"open","ping_status":"closed","sticky":false,"template":"","format":"standard","meta":[],"categories":[2],"tags":[],"_links":{"self":[{"href":"https:\/\/storytellers.se\/index.php?rest_route=\/wp\/v2\/posts\/2164"}],"collection":[{"href":"https:\/\/storytellers.se\/index.php?rest_route=\/wp\/v2\/posts"}],"about":[{"href":"https:\/\/storytellers.se\/index.php?rest_route=\/wp\/v2\/types\/post"}],"author":[{"embeddable":true,"href":"https:\/\/storytellers.se\/index.php?rest_route=\/wp\/v2\/users\/2"}],"replies":[{"embeddable":true,"href":"https:\/\/storytellers.se\/index.php?rest_route=%2Fwp%2Fv2%2Fcomments&post=2164"}],"version-history":[{"count":0,"href":"https:\/\/storytellers.se\/index.php?rest_route=\/wp\/v2\/posts\/2164\/revisions"}],"wp:attachment":[{"href":"https:\/\/storytellers.se\/index.php?rest_route=%2Fwp%2Fv2%2Fmedia&parent=2164"}],"wp:term":[{"taxonomy":"category","embeddable":true,"href":"https:\/\/storytellers.se\/index.php?rest_route=%2Fwp%2Fv2%2Fcategories&post=2164"},{"taxonomy":"post_tag","embeddable":true,"href":"https:\/\/storytellers.se\/index.php?rest_route=%2Fwp%2Fv2%2Ftags&post=2164"}],"curies":[{"name":"wp","href":"https:\/\/api.w.org\/{rel}","templated":true}]}}