{"id":2162,"date":"2009-03-09T17:33:54","date_gmt":"2009-03-09T16:33:54","guid":{"rendered":"http:\/\/heijbel.wordpress.com\/2009\/03\/09\/inspirationsforelaser-hos-rewir"},"modified":"2009-03-09T17:33:54","modified_gmt":"2009-03-09T16:33:54","slug":"inspirationsforelaser-hos-rewir","status":"publish","type":"post","link":"https:\/\/storytellers.se\/?p=2162","title":{"rendered":"Inspirationsf\u00f6rel\u00e4ser hos Rewir"},"content":{"rendered":"<p>Den 26 mars \u00e4r jag inbjuden att inspirationsf\u00f6rel\u00e4sa om bl a hur man kan befolka varum\u00e4rket med dess ber\u00e4ttelser under en intern kompetenslunch hos Varum\u00e4rkesbyr\u00e5n <a href=\"http:\/\/www.rewir.com\"><strong>Rewir<\/strong><\/a>. Det k\u00e4nns faktiskt lite h\u00f6gtidligt eftersom Rewir f\u00e5tt utm\u00e4rkelsen <em>Sveriges B\u00e4sta Varum\u00e4rkesbyr\u00e5<\/em>, nyligen. Det k\u00e4nns bra att de v\u00e4ljer att arbeta med Corporate Storytellingverktyget. Jag har varit inkopplad lite grand i deras arbete med Sydsvenskans varum\u00e4rke.<\/p>\n","protected":false},"excerpt":{"rendered":"<p>Den 26 mars \u00e4r jag inbjuden att inspirationsf\u00f6rel\u00e4sa om bl a hur man kan befolka varum\u00e4rket med dess ber\u00e4ttelser under en intern kompetenslunch hos Varum\u00e4rkesbyr\u00e5n Rewir. Det k\u00e4nns faktiskt lite h\u00f6gtidligt eftersom Rewir f\u00e5tt utm\u00e4rkelsen Sveriges B\u00e4sta Varum\u00e4rkesbyr\u00e5, nyligen. Det k\u00e4nns bra att de v\u00e4ljer att arbeta med Corporate Storytellingverktyget. Jag har varit inkopplad lite&#8230;<\/p>\n","protected":false},"author":2,"featured_media":0,"comment_status":"open","ping_status":"closed","sticky":false,"template":"","format":"standard","meta":[],"categories":[9],"tags":[],"_links":{"self":[{"href":"https:\/\/storytellers.se\/index.php?rest_route=\/wp\/v2\/posts\/2162"}],"collection":[{"href":"https:\/\/storytellers.se\/index.php?rest_route=\/wp\/v2\/posts"}],"about":[{"href":"https:\/\/storytellers.se\/index.php?rest_route=\/wp\/v2\/types\/post"}],"author":[{"embeddable":true,"href":"https:\/\/storytellers.se\/index.php?rest_route=\/wp\/v2\/users\/2"}],"replies":[{"embeddable":true,"href":"https:\/\/storytellers.se\/index.php?rest_route=%2Fwp%2Fv2%2Fcomments&post=2162"}],"version-history":[{"count":0,"href":"https:\/\/storytellers.se\/index.php?rest_route=\/wp\/v2\/posts\/2162\/revisions"}],"wp:attachment":[{"href":"https:\/\/storytellers.se\/index.php?rest_route=%2Fwp%2Fv2%2Fmedia&parent=2162"}],"wp:term":[{"taxonomy":"category","embeddable":true,"href":"https:\/\/storytellers.se\/index.php?rest_route=%2Fwp%2Fv2%2Fcategories&post=2162"},{"taxonomy":"post_tag","embeddable":true,"href":"https:\/\/storytellers.se\/index.php?rest_route=%2Fwp%2Fv2%2Ftags&post=2162"}],"curies":[{"name":"wp","href":"https:\/\/api.w.org\/{rel}","templated":true}]}}