{"id":2156,"date":"2009-02-27T14:23:56","date_gmt":"2009-02-27T13:23:56","guid":{"rendered":"http:\/\/heijbel.wordpress.com\/2009\/02\/27\/en-flensberattelse"},"modified":"2009-02-27T14:23:56","modified_gmt":"2009-02-27T13:23:56","slug":"en-flensberattelse","status":"publish","type":"post","link":"https:\/\/storytellers.se\/?p=2156","title":{"rendered":"En Flensber\u00e4ttelse"},"content":{"rendered":"<p>En disig h\u00f6stdag i b\u00f6rjan av 70-talet bromsade en taxi in utanf\u00f6r j\u00e4rnv\u00e4gsstationen i Flen. Ut klev en l\u00e5ng smal man med en s\u00e4rpr\u00e4glad skarp profil. Mannen bar en v\u00e4ska i handen och halvsprang in i stationshuset&#8230;<\/p>\n<p><!--more--><br \/>\nHan f\u00f6rstod snart att det inte skulle stanna ett t\u00e5g i Flen p\u00e5 flera timmar. D\u00e5 gick han ut p\u00e5 sp\u00e5romr\u00e5det och hittade en SJ-man som var ute var ute p\u00e5 perrongen och sk\u00f6tte v\u00e4xlar och annat p\u00e5 sin station.<br \/>\n\u2013 Du m\u00e5ste stanna n\u00e4sta t\u00e5g till mig, sa den l\u00e5nge.<br \/>\n\u2013 Det f\u00f6rst\u00e5r du v\u00e4l att jag inte kan, sa SJ-mannen.<br \/>\n\u2013 Jag \u00e4r Sveriges ambassad\u00f6r i Chile och det p\u00e5g\u00e5r en milit\u00e4rkupp i landet, sa mannen med v\u00e4skan. Det handlar om att skydda den legala regimen och kanske r\u00e4dda liv.<br \/>\nSJ-mannen hade alltid varit politiskt intresserad och engagerad och han f\u00f6rstod att detta m\u00e5ste vara <a href=\"http:\/\/sv.wikipedia.org\/wiki\/Harald_Edelstam\"><strong> Harald Edelstam<\/strong><\/a>, Sveriges ambassad\u00f6r i Chile. Edelstam var k\u00e4nd som en f\u00e4rgstark och engagerad diplomat.<br \/>\nTrafiken var inte fj\u00e4rrstyrd fr\u00e5n Stockholm p\u00e5 den h\u00e4r tiden s\u00e5 en vanlig SJ-man i Flen kunde faktiskt sl\u00e5 p\u00e5 r\u00f6tt ljus om han bara ville. Han ins\u00e5g allvaret och stoppade n\u00e4sta t\u00e5g. Man kan s\u00e4ga att han gjorde ett klockrent tj\u00e4nstefel f\u00f6r Chiles skull.<br \/>\n\u2013 Jag visste att jag kunde lita p\u00e5 dig, sa Edelstam innan han i ett enda kliv steg ombord.<br \/>\nEdelstam kom snart till Chile och r\u00e4ddade d\u00e4r 100-tals chilenare via den svenska ambassaden. M\u00e5nga av dem kom senare till Sverige. En del kom ocks\u00e5 som flyktingar till Flen.<br \/>\nSJ-mannen r\u00e4ddade p\u00e5 s\u00e5 vis, indirekt, livet p\u00e5 m\u00e4nniskor p\u00e5 andra sidan jordklotet.<br \/>\nMen det ber\u00e4ttade SJ-mannen aldrig om eftersom han beg\u00e5tt tj\u00e4nstefel.  Han kunde ha f\u00e5tt sparken och blivit fr\u00e5ntagen sin guldklocka om SJ f\u00e5tt veta det.<\/p>\n","protected":false},"excerpt":{"rendered":"<p>En disig h\u00f6stdag i b\u00f6rjan av 70-talet bromsade en taxi in utanf\u00f6r j\u00e4rnv\u00e4gsstationen i Flen. Ut klev en l\u00e5ng smal man med en s\u00e4rpr\u00e4glad skarp profil. Mannen bar en v\u00e4ska i handen och halvsprang in i stationshuset&#8230;<\/p>\n","protected":false},"author":2,"featured_media":0,"comment_status":"open","ping_status":"closed","sticky":false,"template":"","format":"standard","meta":[],"categories":[4],"tags":[],"_links":{"self":[{"href":"https:\/\/storytellers.se\/index.php?rest_route=\/wp\/v2\/posts\/2156"}],"collection":[{"href":"https:\/\/storytellers.se\/index.php?rest_route=\/wp\/v2\/posts"}],"about":[{"href":"https:\/\/storytellers.se\/index.php?rest_route=\/wp\/v2\/types\/post"}],"author":[{"embeddable":true,"href":"https:\/\/storytellers.se\/index.php?rest_route=\/wp\/v2\/users\/2"}],"replies":[{"embeddable":true,"href":"https:\/\/storytellers.se\/index.php?rest_route=%2Fwp%2Fv2%2Fcomments&post=2156"}],"version-history":[{"count":0,"href":"https:\/\/storytellers.se\/index.php?rest_route=\/wp\/v2\/posts\/2156\/revisions"}],"wp:attachment":[{"href":"https:\/\/storytellers.se\/index.php?rest_route=%2Fwp%2Fv2%2Fmedia&parent=2156"}],"wp:term":[{"taxonomy":"category","embeddable":true,"href":"https:\/\/storytellers.se\/index.php?rest_route=%2Fwp%2Fv2%2Fcategories&post=2156"},{"taxonomy":"post_tag","embeddable":true,"href":"https:\/\/storytellers.se\/index.php?rest_route=%2Fwp%2Fv2%2Ftags&post=2156"}],"curies":[{"name":"wp","href":"https:\/\/api.w.org\/{rel}","templated":true}]}}