{"id":2152,"date":"2009-02-24T11:36:18","date_gmt":"2009-02-24T10:36:18","guid":{"rendered":"http:\/\/heijbel.wordpress.com\/2009\/02\/24\/skeptisk-till-corporate-storytelling"},"modified":"2009-02-24T11:36:18","modified_gmt":"2009-02-24T10:36:18","slug":"skeptisk-till-corporate-storytelling","status":"publish","type":"post","link":"https:\/\/storytellers.se\/?p=2152","title":{"rendered":"Skeptisk till Corporate Storytelling"},"content":{"rendered":"<p>F\u00f6rfattaren och ber\u00e4ttaren <strong>Christina Claesson<\/strong> var nyligen med i <em>P1:s Obs<\/em> aprop\u00e5 Corporate Storytelling. Hon f\u00f6rst\u00e5r f\u00f6rst\u00e5s kraften i storytelling i och om organisationer och deras varor och tj\u00e4nster. Men hon har ocks\u00e5 en viss skepsis. Sj\u00e4lv tycker jag att en organisationskultur \u00e4r lika v\u00e4rdefull som annan kultur. Den \u00e4r helt enkelt en del av verksamheten. <a href=\"http:\/\/www.christinaclaesson.se\/blogg\/?p=319&amp;cpage=1#comment-47\"><strong>H\u00e4r<\/strong><\/a> \u00e4r Christina Claessons synpunkter fr\u00e5n Obs f\u00f6ljda av min kommentar.<\/p>\n","protected":false},"excerpt":{"rendered":"<p>F\u00f6rfattaren och ber\u00e4ttaren Christina Claesson var nyligen med i P1:s Obs aprop\u00e5 Corporate Storytelling. Hon f\u00f6rst\u00e5r f\u00f6rst\u00e5s kraften i storytelling i och om organisationer och deras varor och tj\u00e4nster. Men hon har ocks\u00e5 en viss skepsis. Sj\u00e4lv tycker jag att en organisationskultur \u00e4r lika v\u00e4rdefull som annan kultur. Den \u00e4r helt enkelt en del av&#8230;<\/p>\n","protected":false},"author":2,"featured_media":0,"comment_status":"open","ping_status":"closed","sticky":false,"template":"","format":"standard","meta":[],"categories":[2],"tags":[],"_links":{"self":[{"href":"https:\/\/storytellers.se\/index.php?rest_route=\/wp\/v2\/posts\/2152"}],"collection":[{"href":"https:\/\/storytellers.se\/index.php?rest_route=\/wp\/v2\/posts"}],"about":[{"href":"https:\/\/storytellers.se\/index.php?rest_route=\/wp\/v2\/types\/post"}],"author":[{"embeddable":true,"href":"https:\/\/storytellers.se\/index.php?rest_route=\/wp\/v2\/users\/2"}],"replies":[{"embeddable":true,"href":"https:\/\/storytellers.se\/index.php?rest_route=%2Fwp%2Fv2%2Fcomments&post=2152"}],"version-history":[{"count":0,"href":"https:\/\/storytellers.se\/index.php?rest_route=\/wp\/v2\/posts\/2152\/revisions"}],"wp:attachment":[{"href":"https:\/\/storytellers.se\/index.php?rest_route=%2Fwp%2Fv2%2Fmedia&parent=2152"}],"wp:term":[{"taxonomy":"category","embeddable":true,"href":"https:\/\/storytellers.se\/index.php?rest_route=%2Fwp%2Fv2%2Fcategories&post=2152"},{"taxonomy":"post_tag","embeddable":true,"href":"https:\/\/storytellers.se\/index.php?rest_route=%2Fwp%2Fv2%2Ftags&post=2152"}],"curies":[{"name":"wp","href":"https:\/\/api.w.org\/{rel}","templated":true}]}}