{"id":2146,"date":"2009-02-18T11:30:21","date_gmt":"2009-02-18T10:30:21","guid":{"rendered":"http:\/\/heijbel.wordpress.com\/2009\/02\/18\/lar-inte-utantill"},"modified":"2009-02-18T11:30:21","modified_gmt":"2009-02-18T10:30:21","slug":"lar-inte-utantill","status":"publish","type":"post","link":"https:\/\/storytellers.se\/?p=2146","title":{"rendered":"L\u00e4r inte utantill!"},"content":{"rendered":"<p><strong>Fr\u00e5ga:<\/strong><br \/>\nHur ska jag kunna ber\u00e4tta och framf\u00f6ra mitt budskap p\u00e5 ett avsp\u00e4nt s\u00e4tt? Utan att det verkar s\u00e5 repeterat.<br \/>\n<strong>Svar:<\/strong><br \/>\nDu <em>ska inte<\/em> l\u00e4ra dig utantill. D\u00e4remot ska du&#8230;<\/p>\n<p><!--more--><br \/>\n&#8230;l\u00e4ra dig att tycka om det du vill s\u00e4ga och tro p\u00e5 det. Annars \u00e4r det meningsl\u00f6st att ber\u00e4tta enligt storytellingkonceptet.<br \/>\nOm du tror p\u00e5 det du s\u00e4ger och om du behandlar den som lyssnar som en v\u00e4n som \u00e4r intresserad och som du vill \u00f6vertyga s\u00e5 \u00e4r chansen att n\u00e5 fram god. Du f\u00e5r uppm\u00e4rksamhet och v\u00e4cker en dialog.<br \/>\nS\u00e5 l\u00e4r dig inte utantill.<br \/>\nSj\u00e4lv brukar jag ha ett antal punkter p\u00e5 papper eller sk\u00e4rm och en tydlig b\u00f6rjan och ett tydligt slut. De punkterna som ligger d\u00e4r emellan kan f\u00e5 komma lite som de vill beroende p\u00e5 vad som h\u00e4nder i rummet. Men de utg\u00f6r \u00e4nd\u00e5 en slags bana som jag ska ta mig igenom.<br \/>\nStunden och lyssnaren\/lyssnarna avg\u00f6r hur jag hanterar mina punkter. \u00c4ven spontana fr\u00e5gor fr\u00e5n de n\u00e4rvarande kan vrida och v\u00e4nda vinkeln p\u00e5 din punkt och l\u00e4gga till nya aspekter.<br \/>\nVet du vad du vill och vad du kan \u00e4r det ingen fara.<br \/>\nDen som k\u00f6r <em>utan-till-l\u00e4xan<\/em> och tappar tr\u00e5den kan d\u00e4remot bli r\u00e4tt till intetgjord.<br \/>\nR\u00f6r dig g\u00e4rna. G\u00e5 omkring och n\u00e4rma dig g\u00e4rna den som fr\u00e5gar, antingen p\u00e5 din scen eller p\u00e5 det golv ni delar. Men undvik s\u00e5 mycket som m\u00f6jligt att v\u00e4nda ryggen mot andra.<br \/>\nAtt g\u00e5 omkring \u00e4r ett s\u00e4tt att h\u00e5lla sig manusfri. Sen g\u00f6r det ingenting om du g\u00e5r fram till ett bord, eller en talarstol och tittar p\u00e5 din &#8221;fusklapp&#8221;. Du kan till och med s\u00e4ga:<br \/>\n<em> \u2013 Vad skulle jag s\u00e4ga nu d\u00e5?<\/em><br \/>\nDet v\u00e4cker sympati. Du blir m\u00e4nsklig, precis som en god v\u00e4n.<br \/>\nAprop\u00e5 tappa tr\u00e5den f\u00f6rresten&#8230;<br \/>\nJag minns en g\u00e5ng f\u00f6r n\u00e5gra \u00e5r sen n\u00e4r jag h\u00f6ll en f\u00f6rel\u00e4sning f\u00f6r 250 sk\u00e4rpta studenter p\u00e5 Handelsh\u00f6gskolan i G\u00f6teborg. Pl\u00f6tsligt tappade jag tr\u00e5den totalt. Var var jag nu igen?<br \/>\n\u2013 Hoppsan, jag tappade tr\u00e5den, sa jag d\u00e5 sanningsenligt. Hj\u00e4lp mig.<br \/>\nFlera p\u00e5minde mig genast var jag varit n\u00e4r jag tappade tr\u00e5den.<br \/>\n\u2013 Tack, sa jag och fortsatte sen p\u00e5 min ber\u00e4ttelse som innebar min f\u00f6rel\u00e4sning som hade sin b\u00f6rjan och sitt slut. Den som jag hade punktad p\u00e5 min lapp d\u00e4r borta p\u00e5 bordet uppe p\u00e5 estraden d\u00e4r jag stod f\u00f6r att kunna se alla 250.<br \/>\nMina punkter skriver jag f\u00f6rresten med stor svart spritpenna eller 20 punkters Times f\u00f6r att kunna l\u00e4sa p\u00e5 avst\u00e5nd.<br \/>\nEfter\u00e5t kom n\u00e5gra retorikstudenter fram till mig och gratulerade till min snyggt tappade tr\u00e5d.<br \/>\n\u2013 Tack, sa jag. Men det var faktiskt ingen fint. Jag tappade helt enkelt tr\u00e5den totalt.<br \/>\nStudenterna hade l\u00e4rt sig i sina retorikstudier att man kan h\u00f6ja n\u00e4rvaron och bygga en n\u00e4rmare relation till sin publik om man avsiktligt tappar tr\u00e5den snyggt.<br \/>\nMin slutsats blir att \u00e4ven om du inte g\u00f6r det som en retorisk fint s\u00e5 \u00e4r det ingen fara om du r\u00e5kar tappa tr\u00e5den n\u00e4r du v\u00e5gar flyga fritt. F\u00f6rutsatt att du vet vad du vill och var du ska b\u00f6rja och vart du ska landa.<br \/>\nHa inte hela f\u00f6rel\u00e4sningen inrepeterad utantill allts\u00e5. Inte ens den enskilda lilla storyn som kanske ing\u00e5r som en del i ditt framf\u00f6rande. Du beh\u00f6ver beh\u00f6ver inte s\u00e4ga samma sak varje g\u00e5ng. Bara du har po\u00e4ngen klart f\u00f6r dig s\u00e5 r\u00e4cker det.<\/p>\n","protected":false},"excerpt":{"rendered":"<p>Fr\u00e5ga: Hur ska jag kunna ber\u00e4tta och framf\u00f6ra mitt budskap p\u00e5 ett avsp\u00e4nt s\u00e4tt? Utan att det verkar s\u00e5 repeterat. Svar: Du ska inte l\u00e4ra dig utantill. D\u00e4remot ska du&#8230;<\/p>\n","protected":false},"author":2,"featured_media":0,"comment_status":"open","ping_status":"closed","sticky":false,"template":"","format":"standard","meta":[],"categories":[6],"tags":[],"_links":{"self":[{"href":"https:\/\/storytellers.se\/index.php?rest_route=\/wp\/v2\/posts\/2146"}],"collection":[{"href":"https:\/\/storytellers.se\/index.php?rest_route=\/wp\/v2\/posts"}],"about":[{"href":"https:\/\/storytellers.se\/index.php?rest_route=\/wp\/v2\/types\/post"}],"author":[{"embeddable":true,"href":"https:\/\/storytellers.se\/index.php?rest_route=\/wp\/v2\/users\/2"}],"replies":[{"embeddable":true,"href":"https:\/\/storytellers.se\/index.php?rest_route=%2Fwp%2Fv2%2Fcomments&post=2146"}],"version-history":[{"count":0,"href":"https:\/\/storytellers.se\/index.php?rest_route=\/wp\/v2\/posts\/2146\/revisions"}],"wp:attachment":[{"href":"https:\/\/storytellers.se\/index.php?rest_route=%2Fwp%2Fv2%2Fmedia&parent=2146"}],"wp:term":[{"taxonomy":"category","embeddable":true,"href":"https:\/\/storytellers.se\/index.php?rest_route=%2Fwp%2Fv2%2Fcategories&post=2146"},{"taxonomy":"post_tag","embeddable":true,"href":"https:\/\/storytellers.se\/index.php?rest_route=%2Fwp%2Fv2%2Ftags&post=2146"}],"curies":[{"name":"wp","href":"https:\/\/api.w.org\/{rel}","templated":true}]}}