{"id":2144,"date":"2009-02-17T11:36:20","date_gmt":"2009-02-17T10:36:20","guid":{"rendered":"http:\/\/heijbel.wordpress.com\/2009\/02\/17\/anja-och-parson"},"modified":"2009-02-17T11:36:20","modified_gmt":"2009-02-17T10:36:20","slug":"anja-och-parson","status":"publish","type":"post","link":"https:\/\/storytellers.se\/?p=2144","title":{"rendered":"Anja och P\u00e4rson"},"content":{"rendered":"<p>Jag h\u00f6rde kulturjournalisten <strong>Yukiko Duke<\/strong> i SVT i morse. Hon recenserade en ny bok om <strong>Anja P\u00e4rson<\/strong> och hennes pappa. Boken heter helt enkelt <strong><em>Anja och P\u00e4rson<\/em><\/strong>. D\u00e4r finns en fin anekdot om tilliten, intuitionen och relationen mellan far och dotter. N\u00e4r Anja 2007 inte hade vunnit en \u00e4nda g\u00e5ng p\u00e5 23&#8230;<\/p>\n<p><!--more--><br \/>\nv\u00e4rldscupstarter tyckte pappa Anders att det var dags att g\u00f6ra n\u00e5got radikalt.<br \/>\nHan ans\u00e5g att pj\u00e4xorna var problemet och gick d\u00e4rf\u00f6r resolut \u00f6ver till grannen f\u00f6r att l\u00e5na slipen i dennes uthus. Han l\u00e5nade ocks\u00e5 ett par l\u00e4sglas\u00f6gon och b\u00f6rjade helt enkelt slipa ned sulorna p\u00e5 Anjas pj\u00e4xor.<br \/>\nF\u00f6r tjocka, menade han.<br \/>\nN\u00e4r de var lagom tunna, enligt <strong>Anders P\u00e4rsons<\/strong> intuitiva k\u00e4nsla, st\u00e4ngde han av slipmaskinen och gick in till familjen igen. Anja hade han inte fr\u00e5gat eller r\u00e5dgjort med. Men Anja litar p\u00e5 far.<br \/>\nSen \u00e5kte Anja och P\u00e4rson till \u00c5re f\u00f6r att delta i VM. Anja tog 3 guld, 1 silver och 1 brons. En historisk prestation. Pappa P\u00e4rson blev senare vald till \u00e5rets idrottstr\u00e4nare.<br \/>\nVMs succ\u00e9n i \u00c5re grundlades allts\u00e5 bl a i grannens uthus och vilade p\u00e5 den tillit mellan far och dotter som gjort Anja och P\u00e4rson till ett av v\u00e4rldens mest framg\u00e5ngsrika alpina team n\u00e5gonsin.<br \/>\nBra h\u00e4ndelsebaserad framg\u00e5ngsstory med roliga po\u00e4nger, klara bilder och tydliga v\u00e4rderingar, tycker jag.<br \/>\n<strong>Johan Lindberg<\/strong> skrev boken.<\/p>\n","protected":false},"excerpt":{"rendered":"<p>Jag h\u00f6rde kulturjournalisten Yukiko Duke i SVT i morse. Hon recenserade en ny bok om Anja P\u00e4rson och hennes pappa. Boken heter helt enkelt Anja och P\u00e4rson. D\u00e4r finns en fin anekdot om tilliten, intuitionen och relationen mellan far och dotter. N\u00e4r Anja 2007 inte hade vunnit en \u00e4nda g\u00e5ng p\u00e5 23&#8230;<\/p>\n","protected":false},"author":2,"featured_media":0,"comment_status":"open","ping_status":"closed","sticky":false,"template":"","format":"standard","meta":[],"categories":[2],"tags":[],"_links":{"self":[{"href":"https:\/\/storytellers.se\/index.php?rest_route=\/wp\/v2\/posts\/2144"}],"collection":[{"href":"https:\/\/storytellers.se\/index.php?rest_route=\/wp\/v2\/posts"}],"about":[{"href":"https:\/\/storytellers.se\/index.php?rest_route=\/wp\/v2\/types\/post"}],"author":[{"embeddable":true,"href":"https:\/\/storytellers.se\/index.php?rest_route=\/wp\/v2\/users\/2"}],"replies":[{"embeddable":true,"href":"https:\/\/storytellers.se\/index.php?rest_route=%2Fwp%2Fv2%2Fcomments&post=2144"}],"version-history":[{"count":0,"href":"https:\/\/storytellers.se\/index.php?rest_route=\/wp\/v2\/posts\/2144\/revisions"}],"wp:attachment":[{"href":"https:\/\/storytellers.se\/index.php?rest_route=%2Fwp%2Fv2%2Fmedia&parent=2144"}],"wp:term":[{"taxonomy":"category","embeddable":true,"href":"https:\/\/storytellers.se\/index.php?rest_route=%2Fwp%2Fv2%2Fcategories&post=2144"},{"taxonomy":"post_tag","embeddable":true,"href":"https:\/\/storytellers.se\/index.php?rest_route=%2Fwp%2Fv2%2Ftags&post=2144"}],"curies":[{"name":"wp","href":"https:\/\/api.w.org\/{rel}","templated":true}]}}