{"id":2142,"date":"2009-02-16T17:33:41","date_gmt":"2009-02-16T16:33:41","guid":{"rendered":"http:\/\/heijbel.wordpress.com\/2009\/02\/16\/lagt-fortroende-for-foretag"},"modified":"2009-02-16T17:33:41","modified_gmt":"2009-02-16T16:33:41","slug":"lagt-fortroende-for-foretag","status":"publish","type":"post","link":"https:\/\/storytellers.se\/?p=2142","title":{"rendered":"L\u00e5gt f\u00f6rtroende f\u00f6r f\u00f6retag"},"content":{"rendered":"<p>V\u00e4rldens ledande oberoende PR-byr\u00e5, <strong>Edelman<\/strong>, g\u00f6r regelbundet internationella attitydm\u00e4tningar aprop\u00e5 f\u00f6retagens anseende. Byr\u00e5ns f\u00e4rska f\u00f6rtroendebarometer visar att m\u00e4nniskor i v\u00e4st litar allt mindre p\u00e5 sina f\u00f6retag. \u00d6ver v\u00e4stv\u00e4rlden sjunker anseendet. Detta trots att f\u00f6rtroende och socialt ansvarstagande l\u00e4r betyda lika mycket som produktkvalitet och personalpolitik n\u00e4r m\u00e4nniskor v\u00e4rderar f\u00f6retagen och fattar sina k\u00f6pbeslut. Endast tv\u00e5 l\u00e4nder i v\u00e4stv\u00e4rlden avviker fr\u00e5n detta. Sverige och&#8230;<\/p>\n<p><!--more--><br \/>\n&#8230;Holland.<br \/>\nKan det handla om svensk kommunikationskultur? \u00c4r det svensk consensustradition eller \u00e4r svenska f\u00f6retag helt enkelt b\u00e4ttre p\u00e5 h\u00e5llbarhetsredovisningar och j\u00e4mst\u00e4lldhetsplaner och p\u00e5 att kommunicera dem?<br \/>\n27 procent av m\u00e4nnen och 21 procent av kvinnorna tycker enligt en f\u00e4rsk unders\u00f6kning fr\u00e5n Naturv\u00e5rdsverket att f\u00f6retagen \u00e4r &#8221;bra&#8221; eller &#8221;mycket bra&#8221; p\u00e5 att i sin marknadsf\u00f6ring informera om vad de g\u00f6r f\u00f6r att begr\u00e4nsa utsl\u00e4ppen.<br \/>\nAtt bygga f\u00f6rtroende kr\u00e4ver f\u00f6rst\u00e5s att man g\u00f6r n\u00e5got och att man ber\u00e4ttar om det. \u00c4r det s\u00e5 att man inte k\u00f6per av den man inte litar p\u00e5 \u00e4ven om kvaliteten \u00e4r bra p\u00e5 varor och tj\u00e4nster s\u00e5 \u00e4r f\u00f6rst\u00e5s Edelamnunders\u00f6kningen en tankev\u00e4ckare.<br \/>\nH\u00e4r talar <a href=\"http:\/\/www.youtube.com\/watch?v=Zr3yCv4d4_E\"><strong>Mr Edelman sj\u00e4lv<\/strong><\/a>  och <a href=\"http:\/\/www.edelman.com\/trust\/2009\/\"><strong>h\u00e4r<\/strong><\/a> finns mer om <em>Trustbarometern<\/em>.<\/p>\n","protected":false},"excerpt":{"rendered":"<p>V\u00e4rldens ledande oberoende PR-byr\u00e5, Edelman, g\u00f6r regelbundet internationella attitydm\u00e4tningar aprop\u00e5 f\u00f6retagens anseende. Byr\u00e5ns f\u00e4rska f\u00f6rtroendebarometer visar att m\u00e4nniskor i v\u00e4st litar allt mindre p\u00e5 sina f\u00f6retag. \u00d6ver v\u00e4stv\u00e4rlden sjunker anseendet. Detta trots att f\u00f6rtroende och socialt ansvarstagande l\u00e4r betyda lika mycket som produktkvalitet och personalpolitik n\u00e4r m\u00e4nniskor v\u00e4rderar f\u00f6retagen och fattar sina k\u00f6pbeslut. Endast tv\u00e5&#8230;<\/p>\n","protected":false},"author":2,"featured_media":0,"comment_status":"open","ping_status":"closed","sticky":false,"template":"","format":"standard","meta":[],"categories":[2],"tags":[],"_links":{"self":[{"href":"https:\/\/storytellers.se\/index.php?rest_route=\/wp\/v2\/posts\/2142"}],"collection":[{"href":"https:\/\/storytellers.se\/index.php?rest_route=\/wp\/v2\/posts"}],"about":[{"href":"https:\/\/storytellers.se\/index.php?rest_route=\/wp\/v2\/types\/post"}],"author":[{"embeddable":true,"href":"https:\/\/storytellers.se\/index.php?rest_route=\/wp\/v2\/users\/2"}],"replies":[{"embeddable":true,"href":"https:\/\/storytellers.se\/index.php?rest_route=%2Fwp%2Fv2%2Fcomments&post=2142"}],"version-history":[{"count":0,"href":"https:\/\/storytellers.se\/index.php?rest_route=\/wp\/v2\/posts\/2142\/revisions"}],"wp:attachment":[{"href":"https:\/\/storytellers.se\/index.php?rest_route=%2Fwp%2Fv2%2Fmedia&parent=2142"}],"wp:term":[{"taxonomy":"category","embeddable":true,"href":"https:\/\/storytellers.se\/index.php?rest_route=%2Fwp%2Fv2%2Fcategories&post=2142"},{"taxonomy":"post_tag","embeddable":true,"href":"https:\/\/storytellers.se\/index.php?rest_route=%2Fwp%2Fv2%2Ftags&post=2142"}],"curies":[{"name":"wp","href":"https:\/\/api.w.org\/{rel}","templated":true}]}}