{"id":2140,"date":"2009-02-16T12:10:20","date_gmt":"2009-02-16T11:10:20","guid":{"rendered":"http:\/\/heijbel.wordpress.com\/2009\/02\/16\/visionart-om-sociala-medier"},"modified":"2009-02-16T12:10:20","modified_gmt":"2009-02-16T11:10:20","slug":"visionart-om-sociala-medier","status":"publish","type":"post","link":"https:\/\/storytellers.se\/?p=2140","title":{"rendered":"Vision\u00e4rt om sociala medier"},"content":{"rendered":"<p><strong>Brit Stakston<\/strong> <em>JMW Kommunikation<\/em> uttrycker sig vision\u00e4rt och sp\u00e4nnande om de sociala medierna. Jag kan bara inst\u00e4mma. F\u00f6retag och organisationer ska lyssna och delta. Samt bidra med sina viktigaste ber\u00e4ttelser f\u00f6r att p\u00e5verka snacket. S\u00e5 h\u00e4r skriver Brit bland annat:<\/p>\n<p><!--more--><br \/>\n<em>Det \u00e4r en brytpunkt nu. Vi kan inte backa l\u00e4ngre. Sociala medier och kunskap om det ska f\u00f6r en kommunikationskonsult vara lika naturligt som det idag \u00e4r att anv\u00e4nda mailen n\u00e4r man kommer till jobbet.<br \/>\nJag minns n\u00e4r vi, p\u00e5 allvar, hade djupa diskussioner om hur mailen skulle hanteras 94-95 och framf\u00f6r allt prat om hur mycket tid som skulle l\u00e4ggas p\u00e5 att l\u00e4sa mail. Vi enades om en timme om dagen, p\u00e5 ett givet klockslag, mellan 10 och 11 p\u00e5 f\u00f6rmiddagen.<br \/>\nIdag vet vi alla hur mailen \u00e4r en integrerad del i v\u00e5rt arbete. Fullst\u00e4ndigt naturligt. Tro mig sociala medier kommer att bli lika integrerat. Se bara p\u00e5 alla de rapporter vi skriver internt, alla l\u00e5nga mail till varandra. Hur m\u00e5nga av dessa vore inte bra mycket mer intressanta att dela med fler \u00e4n dina kollegor\u2026.via en f\u00f6retagsblogg till exempel. D\u00e4r man kan f\u00e5 kreativ, aff\u00e4rskritisk input. Som bygger den framtida aff\u00e4ren<\/em>.<br \/>\n<a href=\"http:\/\/www.jmw.se\/2009\/02\/08\/befriad-zon-sociala-medier-ar-inget-val-langre\/#comments\"><strong> L\u00e4s vidare h\u00e4r sj\u00e4lv!<\/strong><\/a><\/p>\n","protected":false},"excerpt":{"rendered":"<p>Brit Stakston JMW Kommunikation uttrycker sig vision\u00e4rt och sp\u00e4nnande om de sociala medierna. Jag kan bara inst\u00e4mma. F\u00f6retag och organisationer ska lyssna och delta. Samt bidra med sina viktigaste ber\u00e4ttelser f\u00f6r att p\u00e5verka snacket. S\u00e5 h\u00e4r skriver Brit bland annat:<\/p>\n","protected":false},"author":2,"featured_media":0,"comment_status":"open","ping_status":"closed","sticky":false,"template":"","format":"standard","meta":[],"categories":[2],"tags":[],"_links":{"self":[{"href":"https:\/\/storytellers.se\/index.php?rest_route=\/wp\/v2\/posts\/2140"}],"collection":[{"href":"https:\/\/storytellers.se\/index.php?rest_route=\/wp\/v2\/posts"}],"about":[{"href":"https:\/\/storytellers.se\/index.php?rest_route=\/wp\/v2\/types\/post"}],"author":[{"embeddable":true,"href":"https:\/\/storytellers.se\/index.php?rest_route=\/wp\/v2\/users\/2"}],"replies":[{"embeddable":true,"href":"https:\/\/storytellers.se\/index.php?rest_route=%2Fwp%2Fv2%2Fcomments&post=2140"}],"version-history":[{"count":0,"href":"https:\/\/storytellers.se\/index.php?rest_route=\/wp\/v2\/posts\/2140\/revisions"}],"wp:attachment":[{"href":"https:\/\/storytellers.se\/index.php?rest_route=%2Fwp%2Fv2%2Fmedia&parent=2140"}],"wp:term":[{"taxonomy":"category","embeddable":true,"href":"https:\/\/storytellers.se\/index.php?rest_route=%2Fwp%2Fv2%2Fcategories&post=2140"},{"taxonomy":"post_tag","embeddable":true,"href":"https:\/\/storytellers.se\/index.php?rest_route=%2Fwp%2Fv2%2Ftags&post=2140"}],"curies":[{"name":"wp","href":"https:\/\/api.w.org\/{rel}","templated":true}]}}