{"id":2136,"date":"2009-02-12T15:20:49","date_gmt":"2009-02-12T14:20:49","guid":{"rendered":"http:\/\/heijbel.wordpress.com\/2009\/02\/12\/tank-att-fa-skorda-hm"},"modified":"2009-02-12T15:20:49","modified_gmt":"2009-02-12T14:20:49","slug":"tank-att-fa-skorda-hm","status":"publish","type":"post","link":"https:\/\/storytellers.se\/?p=2136","title":{"rendered":"T\u00e4nk att f\u00e5 sk\u00f6rda H&amp;M"},"content":{"rendered":"<p>Det \u00e4r nu drygt 60 \u00e5r sedan den f\u00f6rsta Hennes &amp; Mauritzbutiken \u00f6ppnade. Det var i V\u00e4ster\u00e5s och <strong>Erling Persson<\/strong> var grundare. Nu ska hans sonson <strong>Karl-Johan Persson<\/strong> ta \u00f6ver som VD. Familjen Perssons Karl Johan umg\u00e5s i samma kretsar som kungabarnen och han hoppas f\u00f6rst\u00e5s att kronprinsessan, vid ett eventuellt br\u00f6llop, anv\u00e4nder kl\u00e4der fr\u00e5n H&amp;M-imperiet. Vilken story det&#8230;<\/p>\n<p><!--more--><br \/>\nvore och vilken PR-grej.<br \/>\nHur som helst s\u00e5 har jag, trots m\u00e5nga \u00e5r som storylistener och storyteller,  h\u00f6rt r\u00e4tt f\u00e5 h\u00e4ndelsebaserade ber\u00e4ttelser om H&amp;M och H&amp;M-kulturen. De har i alla fall inte samma spridning som Ikeaber\u00e4ttelserna.<br \/>\nBer\u00e4ttelserna verkar helt enkelt vara ett r\u00e4tt oexploaterat kapital inom H&amp;M.<br \/>\nMan f\u00f6rst\u00e5r att H&amp;M-stories finns och att koncernen i och med familjegrunden har m\u00e5nga sp\u00e4nnande skapelseber\u00e4ttelser. Det vore n\u00e5got, att f\u00e5 sk\u00f6rda bland dessa H&amp;M-stories. Att f\u00e5 samla till en storybook till medarbetarna och korta ber\u00e4ttelser som kan f\u00f6lja som merv\u00e4rden, kanske p\u00e5 en av lapparna som f\u00f6ljer kl\u00e4derna.<br \/>\nAtt f\u00e5 h\u00f6ra ber\u00e4ttelserna om de internationella etableringarna och h\u00e4ndelser kring h\u00e5llbarhetsarbetet som jag vet engagerar H&amp;M-koncernen.<br \/>\nJag \u00e4r \u00f6vertygad om att H&amp;M:s kunder g\u00e4rna skulle vara traditionsb\u00e4rare bara de fick ta del av dessa ber\u00e4ttelser.<br \/>\nBer\u00e4ttelserna finns och de \u00e4gs av H&amp;M:s medarbetare, kunder och andra intressenter. Kan man hoppas p\u00e5 en sk\u00f6rd nu drygt 60 \u00e5r efter grundandet 1947?<\/p>\n","protected":false},"excerpt":{"rendered":"<p>Det \u00e4r nu drygt 60 \u00e5r sedan den f\u00f6rsta Hennes &amp; Mauritzbutiken \u00f6ppnade. Det var i V\u00e4ster\u00e5s och Erling Persson var grundare. Nu ska hans sonson Karl-Johan Persson ta \u00f6ver som VD. Familjen Perssons Karl Johan umg\u00e5s i samma kretsar som kungabarnen och han hoppas f\u00f6rst\u00e5s att kronprinsessan, vid ett eventuellt br\u00f6llop, anv\u00e4nder kl\u00e4der fr\u00e5n&#8230;<\/p>\n","protected":false},"author":2,"featured_media":0,"comment_status":"open","ping_status":"closed","sticky":false,"template":"","format":"standard","meta":[],"categories":[4],"tags":[],"_links":{"self":[{"href":"https:\/\/storytellers.se\/index.php?rest_route=\/wp\/v2\/posts\/2136"}],"collection":[{"href":"https:\/\/storytellers.se\/index.php?rest_route=\/wp\/v2\/posts"}],"about":[{"href":"https:\/\/storytellers.se\/index.php?rest_route=\/wp\/v2\/types\/post"}],"author":[{"embeddable":true,"href":"https:\/\/storytellers.se\/index.php?rest_route=\/wp\/v2\/users\/2"}],"replies":[{"embeddable":true,"href":"https:\/\/storytellers.se\/index.php?rest_route=%2Fwp%2Fv2%2Fcomments&post=2136"}],"version-history":[{"count":0,"href":"https:\/\/storytellers.se\/index.php?rest_route=\/wp\/v2\/posts\/2136\/revisions"}],"wp:attachment":[{"href":"https:\/\/storytellers.se\/index.php?rest_route=%2Fwp%2Fv2%2Fmedia&parent=2136"}],"wp:term":[{"taxonomy":"category","embeddable":true,"href":"https:\/\/storytellers.se\/index.php?rest_route=%2Fwp%2Fv2%2Fcategories&post=2136"},{"taxonomy":"post_tag","embeddable":true,"href":"https:\/\/storytellers.se\/index.php?rest_route=%2Fwp%2Fv2%2Ftags&post=2136"}],"curies":[{"name":"wp","href":"https:\/\/api.w.org\/{rel}","templated":true}]}}