{"id":2134,"date":"2009-02-11T17:14:20","date_gmt":"2009-02-11T16:14:20","guid":{"rendered":"http:\/\/heijbel.wordpress.com\/2009\/02\/11\/engagerade-och-tillgangliga"},"modified":"2009-02-11T17:14:20","modified_gmt":"2009-02-11T16:14:20","slug":"engagerade-och-tillgangliga","status":"publish","type":"post","link":"https:\/\/storytellers.se\/?p=2134","title":{"rendered":"Engagerade och tillg\u00e4ngliga"},"content":{"rendered":"<p>20.000 poliser har i arbetet med v\u00e4rdegrunden reflekterat \u00f6ver tre viktiga ord f\u00f6r att g\u00f6ra ett b\u00e4ttre jobb: <strong>Engagerade<\/strong>, <strong>Effektiva<\/strong> och <strong>Tillg\u00e4ngliga<\/strong> ska de vara. Det kostade polisen 4,2 miljoner kronor, h\u00e4vdar Metro. Som storyteller f\u00e5r jag&#8230;<\/p>\n<p><!--more--><br \/>\nofta komma in i organisationer som just haft en v\u00e4rdegrundsprocess som till slut landat i n\u00e5gra ord om hur man <em>vill vara<\/em>. Det kan vara ord som dessa polisen valde: <strong>Engagerad<\/strong>, <strong>Effektiv<\/strong> eller <strong>Tillg\u00e4nglig<\/strong>.<br \/>\nVem vill inte vara det. Jag vill g\u00e4rna vara det. Dessutom vill jag vara:<br \/>\n<strong>Professionell, L\u00e5ngsiktig, \u00c4rlig<\/strong> och s\u00e5 vill jag arbeta <strong>Med Driv!<\/strong>. Ord som brukar vanliga i s\u00e5na h\u00e4r k\u00e4rnordsformuleringar.<br \/>\nOrden \u00e4r f\u00f6rst\u00e5s meningsl\u00f6sa utan h\u00e4ndelsebaserat ber\u00e4ttande.<br \/>\nSom storyteller \/ storylistener f\u00e5r jag ta fram metoder f\u00f6r att s\u00f6ka ber\u00e4ttelser som i b\u00e4sta fall kan fylla dess ord med bilder och visioner f\u00f6r nuet och framtiden. Kanske till och med att man kan s\u00f6ka exempel fr\u00e5n det f\u00f6rflutna retroaktivt med orden som ledstj\u00e4rnor.<br \/>\nDet tror jag polisen mycket v\u00e4l skulle beh\u00f6va nu efter den senaste veckans varum\u00e4rkesf\u00f6rsvagande nyheter om rasism, sexism och vapenfetischism.<br \/>\nJag hade f\u00f6r n\u00e5gra \u00e5r sedan uppdrag p\u00e5 Polish\u00f6gskolan i Solna. Jag k\u00e4nner v\u00e4l till ambitionerna som finns att bygga en bra svensk polisk\u00e5r som f\u00f6rst\u00e5r och speglar dagens svenska samh\u00e4lle.<br \/>\nInte en bepansrad folkf\u00f6raktande nedtryckare utan en mjukare lyssnare vars viktigaste &#8221;redskap&#8221; \u00e4r \u00f6ronen. Det \u00e4r \u00f6ronen man lyssnar in situationen med innan man agerar, och f\u00f6rhoppningsvis agerar engagerat och effektivt .<br \/>\nStorytelling \u00e4r ett viktigt verktyg i dessa v\u00e4rdegrundsprocesser. G\u00e4rna innan de v\u00e4rdebeskrivande  orden ens formuleras.<br \/>\nHelst storytelling f\u00f6rst och k\u00e4rnv\u00e4rden sen. Men det g\u00e5r f\u00f6rst\u00e5s att leta i kulturen efter stories i efterhand f\u00f6r att g\u00f6ra orden begripliga.<\/p>\n","protected":false},"excerpt":{"rendered":"<p>20.000 poliser har i arbetet med v\u00e4rdegrunden reflekterat \u00f6ver tre viktiga ord f\u00f6r att g\u00f6ra ett b\u00e4ttre jobb: Engagerade, Effektiva och Tillg\u00e4ngliga ska de vara. Det kostade polisen 4,2 miljoner kronor, h\u00e4vdar Metro. Som storyteller f\u00e5r jag&#8230;<\/p>\n","protected":false},"author":2,"featured_media":0,"comment_status":"open","ping_status":"closed","sticky":false,"template":"","format":"standard","meta":[],"categories":[2],"tags":[],"_links":{"self":[{"href":"https:\/\/storytellers.se\/index.php?rest_route=\/wp\/v2\/posts\/2134"}],"collection":[{"href":"https:\/\/storytellers.se\/index.php?rest_route=\/wp\/v2\/posts"}],"about":[{"href":"https:\/\/storytellers.se\/index.php?rest_route=\/wp\/v2\/types\/post"}],"author":[{"embeddable":true,"href":"https:\/\/storytellers.se\/index.php?rest_route=\/wp\/v2\/users\/2"}],"replies":[{"embeddable":true,"href":"https:\/\/storytellers.se\/index.php?rest_route=%2Fwp%2Fv2%2Fcomments&post=2134"}],"version-history":[{"count":0,"href":"https:\/\/storytellers.se\/index.php?rest_route=\/wp\/v2\/posts\/2134\/revisions"}],"wp:attachment":[{"href":"https:\/\/storytellers.se\/index.php?rest_route=%2Fwp%2Fv2%2Fmedia&parent=2134"}],"wp:term":[{"taxonomy":"category","embeddable":true,"href":"https:\/\/storytellers.se\/index.php?rest_route=%2Fwp%2Fv2%2Fcategories&post=2134"},{"taxonomy":"post_tag","embeddable":true,"href":"https:\/\/storytellers.se\/index.php?rest_route=%2Fwp%2Fv2%2Ftags&post=2134"}],"curies":[{"name":"wp","href":"https:\/\/api.w.org\/{rel}","templated":true}]}}