{"id":2124,"date":"2009-02-04T15:44:20","date_gmt":"2009-02-04T14:44:20","guid":{"rendered":"http:\/\/heijbel.wordpress.com\/2009\/02\/04\/befolka-varumarket"},"modified":"2009-02-04T15:44:20","modified_gmt":"2009-02-04T14:44:20","slug":"befolka-varumarket","status":"publish","type":"post","link":"https:\/\/storytellers.se\/?p=2124","title":{"rendered":"Befolka varum\u00e4rket!"},"content":{"rendered":"<p>Jag tr\u00e4ffade h\u00e4romdagen, i samband en av alla mina storytellingf\u00f6rel\u00e4sningar, den varum\u00e4rkesansvarige f\u00f6r ett l\u00e5sf\u00f6retag. Han ber\u00e4ttade att de skulle g\u00f6ra en video inf\u00f6r Elmiam\u00e4ssan f\u00f6r n\u00e5gra \u00e5r sedan. D\u00e5 hade de total id\u00e9torka. De ville inte&#8230;<\/p>\n<p><!--more--><br \/>\ng\u00f6ra vanlig \u201cindustriporr\u201d eller \u201cl\u00e5sextas\u201d. Blanka l\u00e5s i motljus och stora containrar med f\u00f6rpackade l\u00e5s som transporterades till n\u00e5gon hamn.<br \/>\nI st\u00e4llet tog de kameran och gick runt i anl\u00e4ggningarna och filmade medarbetare precis som de var. Trevliga m\u00e4nniskor i sitt v\u00e4rv.<br \/>\n\u2013 Hej, titta in i kameran nu och h\u00e4lsa till kunden!<br \/>\nDen filmen blev den mest uppskattade f\u00f6retagsfilm de n\u00e5gonsin gjort och vad som var extra m\u00e4rkligt, ber\u00e4ttade han, var att m\u00e5nga kontaktade f\u00f6rtaget och undrade om det fanns n\u00e5gra lediga jobb. De verkade ju ha det s\u00e5 trevligt.<br \/>\nSnacka om att befolka varum\u00e4rket med en slags digitalt befolkad storytellingdramaturgi.<br \/>\nJag tycker det l\u00e5ter som en n\u00e4raliggande och mycket enkel emotionell l\u00f6sning.<br \/>\nJag samarbetar f\u00f6r egen del sen l\u00e4nge med olika filmproducenter och kan t\u00e4nka ut f\u00f6rslag p\u00e5 hur man kommunicerar m\u00e4nskligt och emotionellt n\u00e4r den vanliga f\u00f6retags- eller organisationsfilmen k\u00e4nns lite f\u00f6ruts\u00e4gbar.<br \/>\nDen emotionella l\u00f6sningen h\u00e4mtar, s\u00e5 att s\u00e4ga, dessutom manus fr\u00e5n verkligheten vilket g\u00f6r att det ofta \u00e4r ett kostnadseffektivt s\u00e4tt att g\u00f6ra film.<br \/>\nVill du tala om det s\u00e5 kan du maila film@storytellers.se s\u00e5 \u00e5terkommer jag.<\/p>\n","protected":false},"excerpt":{"rendered":"<p>Jag tr\u00e4ffade h\u00e4romdagen, i samband en av alla mina storytellingf\u00f6rel\u00e4sningar, den varum\u00e4rkesansvarige f\u00f6r ett l\u00e5sf\u00f6retag. Han ber\u00e4ttade att de skulle g\u00f6ra en video inf\u00f6r Elmiam\u00e4ssan f\u00f6r n\u00e5gra \u00e5r sedan. D\u00e5 hade de total id\u00e9torka. De ville inte&#8230;<\/p>\n","protected":false},"author":2,"featured_media":0,"comment_status":"open","ping_status":"closed","sticky":false,"template":"","format":"standard","meta":[],"categories":[2],"tags":[],"_links":{"self":[{"href":"https:\/\/storytellers.se\/index.php?rest_route=\/wp\/v2\/posts\/2124"}],"collection":[{"href":"https:\/\/storytellers.se\/index.php?rest_route=\/wp\/v2\/posts"}],"about":[{"href":"https:\/\/storytellers.se\/index.php?rest_route=\/wp\/v2\/types\/post"}],"author":[{"embeddable":true,"href":"https:\/\/storytellers.se\/index.php?rest_route=\/wp\/v2\/users\/2"}],"replies":[{"embeddable":true,"href":"https:\/\/storytellers.se\/index.php?rest_route=%2Fwp%2Fv2%2Fcomments&post=2124"}],"version-history":[{"count":0,"href":"https:\/\/storytellers.se\/index.php?rest_route=\/wp\/v2\/posts\/2124\/revisions"}],"wp:attachment":[{"href":"https:\/\/storytellers.se\/index.php?rest_route=%2Fwp%2Fv2%2Fmedia&parent=2124"}],"wp:term":[{"taxonomy":"category","embeddable":true,"href":"https:\/\/storytellers.se\/index.php?rest_route=%2Fwp%2Fv2%2Fcategories&post=2124"},{"taxonomy":"post_tag","embeddable":true,"href":"https:\/\/storytellers.se\/index.php?rest_route=%2Fwp%2Fv2%2Ftags&post=2124"}],"curies":[{"name":"wp","href":"https:\/\/api.w.org\/{rel}","templated":true}]}}