{"id":2118,"date":"2009-01-30T10:39:04","date_gmt":"2009-01-30T09:39:04","guid":{"rendered":"http:\/\/heijbel.wordpress.com\/2009\/01\/30\/hos-sydsvenskan"},"modified":"2009-01-30T10:39:04","modified_gmt":"2009-01-30T09:39:04","slug":"hos-sydsvenskan","status":"publish","type":"post","link":"https:\/\/storytellers.se\/?p=2118","title":{"rendered":"Hos Sydsvenskan"},"content":{"rendered":"<p>I g\u00e5r var jag hos <a href=\"http:\/\/www.sydsvenskan.se\"><strong>Sydsvenskan<\/strong><\/a> och <em>sydsvenskanfolket<\/em> i Malm\u00f6. Eftersom jag sj\u00e4lv har bland annat journalistexamen och i m\u00e5nga \u00e5r ocks\u00e5 var l\u00e4rare p\u00e5 Journalisth\u00f6gskolan i Stockholm s\u00e5 var detta ett speciellt tillf\u00e4lle f\u00f6r mig. Sydsvenskan satsar mycket p\u00e5 organisationens v\u00e4rderingar och varum\u00e4rke f\u00f6r att m\u00f6ta och p\u00e5verka framtidskommunikationen. \u00c4mnet f\u00f6r dagen var&#8230;<\/p>\n<p><!--more--><br \/>\nallts\u00e5 deras egen kultur och deras organisationsv\u00e4rderingar och hur de i ett storyformat bli ska kunna synliga f\u00f6r sig sj\u00e4lva och varandra. Sen kommer de att se hur denna, den egna kulturidentiteten och kulturmedvetenheten, i sin tur kan p\u00e5verka det som de som sydsvenskanfolket och ett historiskt mediehus kommer att leverera i en framtid.<br \/>\nObservera att n\u00e4r jag s\u00e4ger sydsvenskanfolket s\u00e5 menar jag inte enbart journalistk\u00e5ren utan hela organisationen med annonssidan, it-folket, administrationen osv.<br \/>\nP\u00e5 just detta m\u00f6te var det ett 60-tal chefer.<br \/>\nAllts\u00e5 f\u00f6rst m\u00e5ste vi vara \u00f6verens om vilka vi \u00e4r och vad vi st\u00e5r f\u00f6r. Vad \u00e4r sydsvenskanaktigt?<br \/>\nSen kommer fr\u00e5gan hur sydsvenskanfolket kan anv\u00e4nda denna deras gemensamma kultur och sydsvenskanfolkets v\u00e4rderingar i utvecklingen av deras produkter och tj\u00e4nster.<br \/>\nJag vet dessutom att chefredakt\u00f6ren <a href=\"http:\/\/sv.wikipedia.org\/wiki\/Daniel_Sandstr\u00f6m\"><strong>Daniel Sandstr\u00f6m<\/strong><\/a> personligen \u00e4r mycket intresserad av att utveckla storytellingdramaturgin ocks\u00e5 i deras produkter p\u00e5 papper, webb och i mobiler fram\u00f6ver.<br \/>\nDet ska bli sp\u00e4nnande att se hur ett mediahus med 160 \u00e5r p\u00e5 nacken ska m\u00f6ta den nya mediesituationen. Sydsvenskan har ju m\u00f6tt ett och annat tidigare. F\u00f6retaget startade sin verksamhet redan vid tiden f\u00f6r den franska februarirevolutionen 1848.<br \/>\nHur reagerar de d\u00e5 p\u00e5 detta organisationskulturbudskap?<br \/>\nSpeciellt journalister brukar inte vara helt l\u00e4ttflirtade. Kanske mjuknar denna klassiska journalisth\u00e5llning nu n\u00e4r <em>Gammelmedia<\/em> l\u00f6pande utmanas av <em>Fj\u00e4rde statsmakten<\/em>?<br \/>\nJag tror det.<br \/>\nUtv\u00e4rderingen av just storytellinginslagen den h\u00e4r dagen sa bl a:<br \/>\n<em>\u2022 Storytellingavsnittet var intressant och inspirerande.<br \/>\n\u2022 Jag fick en aha-upplevelse av storytellingpasset! Har inte trott p\u00e5 detta tidigare.<br \/>\n\u2022 S\u00e4rskilt plus till Matts Heijbel som var mycket inspirerande.<br \/>\n\u2022 Matts Heijbel var briljant \u2013 vi beh\u00f6vde h\u00f6ra hans stories<br \/>\n\u2022 Jag \u00f6nskar att Matts kunde f\u00e5 ber\u00e4tta en historia f\u00f6r oss varje dag \u2013 vilken f\u00f6rm\u00e5ga att n\u00e5 fram.<\/em><br \/>\nExtra roligt f\u00f6r mig som gammal journalist som nu envetet och envist s\u00f6ker, finner och sk\u00f6rdar kulturkapital ocks\u00e5 i medias egna organisationer.<br \/>\nJag var inbjuden av varum\u00e4rkesbyr\u00e5n <a href=\"http:\/\/www.rewir.com\"><strong>Rewir<\/strong><\/a>.<\/p>\n","protected":false},"excerpt":{"rendered":"<p>I g\u00e5r var jag hos Sydsvenskan och sydsvenskanfolket i Malm\u00f6. Eftersom jag sj\u00e4lv har bland annat journalistexamen och i m\u00e5nga \u00e5r ocks\u00e5 var l\u00e4rare p\u00e5 Journalisth\u00f6gskolan i Stockholm s\u00e5 var detta ett speciellt tillf\u00e4lle f\u00f6r mig. Sydsvenskan satsar mycket p\u00e5 organisationens v\u00e4rderingar och varum\u00e4rke f\u00f6r att m\u00f6ta och p\u00e5verka framtidskommunikationen. \u00c4mnet f\u00f6r dagen var&#8230;<\/p>\n","protected":false},"author":2,"featured_media":0,"comment_status":"open","ping_status":"closed","sticky":false,"template":"","format":"standard","meta":[],"categories":[4],"tags":[],"_links":{"self":[{"href":"https:\/\/storytellers.se\/index.php?rest_route=\/wp\/v2\/posts\/2118"}],"collection":[{"href":"https:\/\/storytellers.se\/index.php?rest_route=\/wp\/v2\/posts"}],"about":[{"href":"https:\/\/storytellers.se\/index.php?rest_route=\/wp\/v2\/types\/post"}],"author":[{"embeddable":true,"href":"https:\/\/storytellers.se\/index.php?rest_route=\/wp\/v2\/users\/2"}],"replies":[{"embeddable":true,"href":"https:\/\/storytellers.se\/index.php?rest_route=%2Fwp%2Fv2%2Fcomments&post=2118"}],"version-history":[{"count":0,"href":"https:\/\/storytellers.se\/index.php?rest_route=\/wp\/v2\/posts\/2118\/revisions"}],"wp:attachment":[{"href":"https:\/\/storytellers.se\/index.php?rest_route=%2Fwp%2Fv2%2Fmedia&parent=2118"}],"wp:term":[{"taxonomy":"category","embeddable":true,"href":"https:\/\/storytellers.se\/index.php?rest_route=%2Fwp%2Fv2%2Fcategories&post=2118"},{"taxonomy":"post_tag","embeddable":true,"href":"https:\/\/storytellers.se\/index.php?rest_route=%2Fwp%2Fv2%2Ftags&post=2118"}],"curies":[{"name":"wp","href":"https:\/\/api.w.org\/{rel}","templated":true}]}}