{"id":2116,"date":"2009-01-29T17:25:28","date_gmt":"2009-01-29T16:25:28","guid":{"rendered":"http:\/\/heijbel.wordpress.com\/2009\/01\/29\/kvinnor-gillar-detta"},"modified":"2009-01-29T17:25:28","modified_gmt":"2009-01-29T16:25:28","slug":"kvinnor-gillar-detta","status":"publish","type":"post","link":"https:\/\/storytellers.se\/?p=2116","title":{"rendered":"Kvinnor gillar detta"},"content":{"rendered":"<p><strong>Fr\u00e5ga:<\/strong><br \/>\nFinns det n\u00e5got m\u00f6nster som visar vilka som attraheras av perspektiven i Storytelling i organisationer?<br \/>\n<strong>Svar:<\/strong><br \/>\nJag har ingen riktig m\u00e4tning eller unders\u00f6kning p\u00e5 detta. Men jag har f\u00f6rst\u00e5s f\u00f6rel\u00e4st i m\u00e5nga \u00e5r. N\u00e4r det kommer till utbildningar och \u00f6ppna seminarier och f\u00f6rel\u00e4sningar s\u00e5 har jag m\u00e4rkt att&#8230;<\/p>\n<p><!--more--><br \/>\ndet \u00e4r en \u00f6vervikt av kvinnor som kommer. Det kommer ocks\u00e5 m\u00e4n men d\u00e5 \u00e4r de snarare <em>under<\/em> \u00e4n <em>\u00f6ver<\/em> 40-45.<br \/>\nJag kan tro att kvinnor som blivit chefer inte r\u00e4tt av vill k\u00f6pa den gamla vanliga manliga managementstilen med siffror pilar och boxar och power point-presentationer f\u00f6r att leda, ber\u00e4tta och f\u00f6rklara.<br \/>\nJag tror att kvinnorna och de yngre m\u00e4nnen vill ha ett ledarskap som ocks\u00e5 laddar in emotionella dimensioner. Detta f\u00f6r att f\u00f6ra verksamheten fram\u00e5t och g\u00f6ra t\u00e4nkbara m\u00e5l, befolkade, synliga och begripliga.<br \/>\nMen det \u00e4r faktiskt inte mycket motst\u00e5nd och moteld jag m\u00f6ter. N\u00e5gon g\u00e5ng kommer en gammal hanne och s\u00e4ger att: <em><strong>Vi kan v\u00e4l inte h\u00e5lla p\u00e5 och ber\u00e4tta historier vi har faktiskt en k\u00e4rnverksamhet att sk\u00f6ta<\/strong><\/em>.<br \/>\nD\u00e5 suckar gruppen och tycker att han inte f\u00f6rst\u00e5tt merv\u00e4rdet i att anv\u00e4nda ocks\u00e5 den emotionella kommunikationen i ledarskapet. Har han inte f\u00f6rst\u00e5tt id\u00e9n med Storytelling i varum\u00e4rkesarbetet?<\/p>\n","protected":false},"excerpt":{"rendered":"<p>Fr\u00e5ga: Finns det n\u00e5got m\u00f6nster som visar vilka som attraheras av perspektiven i Storytelling i organisationer? Svar: Jag har ingen riktig m\u00e4tning eller unders\u00f6kning p\u00e5 detta. Men jag har f\u00f6rst\u00e5s f\u00f6rel\u00e4st i m\u00e5nga \u00e5r. N\u00e4r det kommer till utbildningar och \u00f6ppna seminarier och f\u00f6rel\u00e4sningar s\u00e5 har jag m\u00e4rkt att&#8230;<\/p>\n","protected":false},"author":2,"featured_media":0,"comment_status":"open","ping_status":"closed","sticky":false,"template":"","format":"standard","meta":[],"categories":[6],"tags":[],"_links":{"self":[{"href":"https:\/\/storytellers.se\/index.php?rest_route=\/wp\/v2\/posts\/2116"}],"collection":[{"href":"https:\/\/storytellers.se\/index.php?rest_route=\/wp\/v2\/posts"}],"about":[{"href":"https:\/\/storytellers.se\/index.php?rest_route=\/wp\/v2\/types\/post"}],"author":[{"embeddable":true,"href":"https:\/\/storytellers.se\/index.php?rest_route=\/wp\/v2\/users\/2"}],"replies":[{"embeddable":true,"href":"https:\/\/storytellers.se\/index.php?rest_route=%2Fwp%2Fv2%2Fcomments&post=2116"}],"version-history":[{"count":0,"href":"https:\/\/storytellers.se\/index.php?rest_route=\/wp\/v2\/posts\/2116\/revisions"}],"wp:attachment":[{"href":"https:\/\/storytellers.se\/index.php?rest_route=%2Fwp%2Fv2%2Fmedia&parent=2116"}],"wp:term":[{"taxonomy":"category","embeddable":true,"href":"https:\/\/storytellers.se\/index.php?rest_route=%2Fwp%2Fv2%2Fcategories&post=2116"},{"taxonomy":"post_tag","embeddable":true,"href":"https:\/\/storytellers.se\/index.php?rest_route=%2Fwp%2Fv2%2Ftags&post=2116"}],"curies":[{"name":"wp","href":"https:\/\/api.w.org\/{rel}","templated":true}]}}