{"id":2114,"date":"2009-01-28T17:18:41","date_gmt":"2009-01-28T16:18:41","guid":{"rendered":"http:\/\/heijbel.wordpress.com\/2009\/01\/28\/emotionellt-filmberattande"},"modified":"2009-01-28T17:18:41","modified_gmt":"2009-01-28T16:18:41","slug":"emotionellt-filmberattande","status":"publish","type":"post","link":"https:\/\/storytellers.se\/?p=2114","title":{"rendered":"Emotionellt filmber\u00e4ttande"},"content":{"rendered":"<p>I somras gjorde jag en filmskiss tillsammans med en musiker och filmproducenterna fr\u00e5n <strong>Cre8it<\/strong>. Vi ville visa ett skogsf\u00f6retag att de mycket v\u00e4l skulle kunna kommunicera sina h\u00e5llbarhetsperspektiv utan att till varje pris bli faktuella och faktaredovisande. Filmen vill visa ett emotionellt s\u00e4tt att f\u00f6rmedla att bolaget har tagit st\u00e4llning i h\u00e5llbarhetsfr\u00e5gor. \u00c5rsredovisning med h\u00e5llbarhetsinslag ska man ha, javisst, men detta \u00e4r ett <em>p\u00e5st\u00e5ende ber\u00e4ttande<\/em>. Jag kallar det f\u00f6r  <strong>David Attenboroughtekniken<\/strong>. Alla litar n\u00e4mligen p\u00e5 en David Attenborough. Jag l\u00e5tsas d\u00e4rf\u00f6r helt enkelt vara som han.  Attenborough \u00e4r alltid p\u00e5l\u00e4st innan han ber\u00e4ttar. Observera allts\u00e5 nu att detta bara \u00e4r en f\u00f6rsta skiss. Filmskissen vill visa ett s\u00e4tt p\u00e5 vilket man skulle kunna kommunicera emotionellt i syfte att ber\u00f6ra i h\u00e5llbarhetsfr\u00e5gor. Ett exempel p\u00e5 en digitaliserad storytellingteknik. Vars\u00e5god: <a href=\"http:\/\/www.cre8it.se\/index.php?action=miljo_medium\"><strong> <em>H\u00e4r \u00e4r filmskissen<\/em><\/strong><\/a>.<\/p>\n","protected":false},"excerpt":{"rendered":"<p>I somras gjorde jag en filmskiss tillsammans med en musiker och filmproducenterna fr\u00e5n Cre8it. Vi ville visa ett skogsf\u00f6retag att de mycket v\u00e4l skulle kunna kommunicera sina h\u00e5llbarhetsperspektiv utan att till varje pris bli faktuella och faktaredovisande. Filmen vill visa ett emotionellt s\u00e4tt att f\u00f6rmedla att bolaget har tagit st\u00e4llning i h\u00e5llbarhetsfr\u00e5gor. \u00c5rsredovisning med h\u00e5llbarhetsinslag&#8230;<\/p>\n","protected":false},"author":2,"featured_media":0,"comment_status":"open","ping_status":"closed","sticky":false,"template":"","format":"standard","meta":[],"categories":[4],"tags":[],"_links":{"self":[{"href":"https:\/\/storytellers.se\/index.php?rest_route=\/wp\/v2\/posts\/2114"}],"collection":[{"href":"https:\/\/storytellers.se\/index.php?rest_route=\/wp\/v2\/posts"}],"about":[{"href":"https:\/\/storytellers.se\/index.php?rest_route=\/wp\/v2\/types\/post"}],"author":[{"embeddable":true,"href":"https:\/\/storytellers.se\/index.php?rest_route=\/wp\/v2\/users\/2"}],"replies":[{"embeddable":true,"href":"https:\/\/storytellers.se\/index.php?rest_route=%2Fwp%2Fv2%2Fcomments&post=2114"}],"version-history":[{"count":0,"href":"https:\/\/storytellers.se\/index.php?rest_route=\/wp\/v2\/posts\/2114\/revisions"}],"wp:attachment":[{"href":"https:\/\/storytellers.se\/index.php?rest_route=%2Fwp%2Fv2%2Fmedia&parent=2114"}],"wp:term":[{"taxonomy":"category","embeddable":true,"href":"https:\/\/storytellers.se\/index.php?rest_route=%2Fwp%2Fv2%2Fcategories&post=2114"},{"taxonomy":"post_tag","embeddable":true,"href":"https:\/\/storytellers.se\/index.php?rest_route=%2Fwp%2Fv2%2Ftags&post=2114"}],"curies":[{"name":"wp","href":"https:\/\/api.w.org\/{rel}","templated":true}]}}