{"id":2112,"date":"2009-01-27T14:56:45","date_gmt":"2009-01-27T13:56:45","guid":{"rendered":"http:\/\/heijbel.wordpress.com\/2009\/01\/27\/fordubbla-kollektivresandet"},"modified":"2009-01-27T14:56:45","modified_gmt":"2009-01-27T13:56:45","slug":"fordubbla-kollektivresandet","status":"publish","type":"post","link":"https:\/\/storytellers.se\/?p=2112","title":{"rendered":"F\u00f6rdubbla kollektivresandet!"},"content":{"rendered":"<p>Jag har i dag, i Stockholm, tr\u00e4ffat en sp\u00e4nnande grupp kollektivtrafikrepresentanter fr\u00e5n hela landet. De har det utmanande uppdraget att f\u00f6rdubbla andelen kollektivresande p\u00e5 drygt 10 \u00e5r, till \u00e5r 2020. De \u00e4r sen v\u00e5ren 2008 inne i en uppstart och min uppgift var i dag att inspirationsf\u00f6rel\u00e4sa kring v\u00e4rdet av att sk\u00f6rda emotionella ber\u00e4ttelser som ett bidrag i F\u00f6rdubblingsarbetet. Det blir ofta s\u00e5 att&#8230;<\/p>\n<p><!--more--><br \/>\ns\u00e5dana h\u00e4r partsammansatta projekt talar mer om sj\u00e4lva projekt<em>organisationen<\/em> och projekt<em>prestanda<\/em> \u00e4n verkliga h\u00e4ndelser som visar framsteg och synligg\u00f6r nyttan med hela verksamheten.<br \/>\nSt\u00e4mningen var hur som helst mycket positiv och jag tror att gruppen bakeom Genomf\u00f6rande av <strong>F\u00f6rdubblarplanen<\/strong> upplever stor entusiasm inf\u00f6r sitt arbete som just har b\u00f6rjat.<br \/>\nParterna, som samarbetar med regeringen, best\u00e5r av <em>Svensk Kollektivtrafik, Svenska Bussbranschens Riksorganisation, Svenska Taxif\u00f6rbundet, T\u00e5goperat\u00f6rerna<\/em> och <em>Sveriges Kommuner och Landsting<\/em>.<br \/>\n<strong>Charlotte W\u00e4reborn Schulz<\/strong>, VD f\u00f6r Svensk Kollektivtrafik, \u00e4r ordf\u00f6rande. Det ska bli sp\u00e4nnande att f\u00f6lja detta. Jag \u00e4r sj\u00e4lv en flitig kollektivtrafikresen\u00e4r.<br \/>\nJag har ocks\u00e5, genom \u00e5ren, arbetat med bl a <em>V\u00e4gverket, Banverket, Arlanda Express, Svenska Taxif\u00f6rbundet, Sas Sverige<\/em> och <em>Upplands Lokaltrafik<\/em>. S\u00e5 jag tycker det hela k\u00e4nns r\u00e4tt bekant. Gruppen, ett 70-tal personer vara n\u00e4rvarande, verkade tilltalad av storytelling som verktyg i arbetet och p\u00e5verkansprocesserna.<\/p>\n","protected":false},"excerpt":{"rendered":"<p>Jag har i dag, i Stockholm, tr\u00e4ffat en sp\u00e4nnande grupp kollektivtrafikrepresentanter fr\u00e5n hela landet. De har det utmanande uppdraget att f\u00f6rdubbla andelen kollektivresande p\u00e5 drygt 10 \u00e5r, till \u00e5r 2020. De \u00e4r sen v\u00e5ren 2008 inne i en uppstart och min uppgift var i dag att inspirationsf\u00f6rel\u00e4sa kring v\u00e4rdet av att sk\u00f6rda emotionella ber\u00e4ttelser som&#8230;<\/p>\n","protected":false},"author":2,"featured_media":0,"comment_status":"open","ping_status":"closed","sticky":false,"template":"","format":"standard","meta":[],"categories":[4],"tags":[],"_links":{"self":[{"href":"https:\/\/storytellers.se\/index.php?rest_route=\/wp\/v2\/posts\/2112"}],"collection":[{"href":"https:\/\/storytellers.se\/index.php?rest_route=\/wp\/v2\/posts"}],"about":[{"href":"https:\/\/storytellers.se\/index.php?rest_route=\/wp\/v2\/types\/post"}],"author":[{"embeddable":true,"href":"https:\/\/storytellers.se\/index.php?rest_route=\/wp\/v2\/users\/2"}],"replies":[{"embeddable":true,"href":"https:\/\/storytellers.se\/index.php?rest_route=%2Fwp%2Fv2%2Fcomments&post=2112"}],"version-history":[{"count":0,"href":"https:\/\/storytellers.se\/index.php?rest_route=\/wp\/v2\/posts\/2112\/revisions"}],"wp:attachment":[{"href":"https:\/\/storytellers.se\/index.php?rest_route=%2Fwp%2Fv2%2Fmedia&parent=2112"}],"wp:term":[{"taxonomy":"category","embeddable":true,"href":"https:\/\/storytellers.se\/index.php?rest_route=%2Fwp%2Fv2%2Fcategories&post=2112"},{"taxonomy":"post_tag","embeddable":true,"href":"https:\/\/storytellers.se\/index.php?rest_route=%2Fwp%2Fv2%2Ftags&post=2112"}],"curies":[{"name":"wp","href":"https:\/\/api.w.org\/{rel}","templated":true}]}}