{"id":2108,"date":"2009-01-23T11:08:56","date_gmt":"2009-01-23T10:08:56","guid":{"rendered":"http:\/\/heijbel.wordpress.com\/2009\/01\/23\/varfor-hyllar-alla-de-andra"},"modified":"2009-01-23T11:08:56","modified_gmt":"2009-01-23T10:08:56","slug":"varfor-hyllar-alla-de-andra","status":"publish","type":"post","link":"https:\/\/storytellers.se\/?p=2108","title":{"rendered":"Varf\u00f6r hyllar alla de andra?"},"content":{"rendered":"<p>Har det h\u00e4nt att du k\u00e4nner dig avundsjuk n\u00e4r att andra f\u00e5r stor uppm\u00e4rksamhet f\u00f6r sina f\u00f6retag eller ideella verksamheter? Ni som ju \u00e4r minst lika bra som de andra? Har du t\u00e4nkt p\u00e5 att de kanske, ist\u00e4llet f\u00f6r att rada siffror och fakta, tar fram n\u00e5got emotionellt som ber\u00f6r? De anv\u00e4nder storytelling. Jag kan hj\u00e4lpa dig och din organisation att hitta in i detta. Ber\u00e4ttelserna finns. Emotionellt ber\u00e4ttande, baserat p\u00e5 verkligheten, g\u00e5r rakt in i hj\u00e4rtat och ber\u00f6r, bara man har en klar strategi och talar sanning.<\/p>\n","protected":false},"excerpt":{"rendered":"<p>Har det h\u00e4nt att du k\u00e4nner dig avundsjuk n\u00e4r att andra f\u00e5r stor uppm\u00e4rksamhet f\u00f6r sina f\u00f6retag eller ideella verksamheter? Ni som ju \u00e4r minst lika bra som de andra? Har du t\u00e4nkt p\u00e5 att de kanske, ist\u00e4llet f\u00f6r att rada siffror och fakta, tar fram n\u00e5got emotionellt som ber\u00f6r? De anv\u00e4nder storytelling. Jag kan&#8230;<\/p>\n","protected":false},"author":2,"featured_media":0,"comment_status":"open","ping_status":"closed","sticky":false,"template":"","format":"standard","meta":[],"categories":[2],"tags":[],"_links":{"self":[{"href":"https:\/\/storytellers.se\/index.php?rest_route=\/wp\/v2\/posts\/2108"}],"collection":[{"href":"https:\/\/storytellers.se\/index.php?rest_route=\/wp\/v2\/posts"}],"about":[{"href":"https:\/\/storytellers.se\/index.php?rest_route=\/wp\/v2\/types\/post"}],"author":[{"embeddable":true,"href":"https:\/\/storytellers.se\/index.php?rest_route=\/wp\/v2\/users\/2"}],"replies":[{"embeddable":true,"href":"https:\/\/storytellers.se\/index.php?rest_route=%2Fwp%2Fv2%2Fcomments&post=2108"}],"version-history":[{"count":0,"href":"https:\/\/storytellers.se\/index.php?rest_route=\/wp\/v2\/posts\/2108\/revisions"}],"wp:attachment":[{"href":"https:\/\/storytellers.se\/index.php?rest_route=%2Fwp%2Fv2%2Fmedia&parent=2108"}],"wp:term":[{"taxonomy":"category","embeddable":true,"href":"https:\/\/storytellers.se\/index.php?rest_route=%2Fwp%2Fv2%2Fcategories&post=2108"},{"taxonomy":"post_tag","embeddable":true,"href":"https:\/\/storytellers.se\/index.php?rest_route=%2Fwp%2Fv2%2Ftags&post=2108"}],"curies":[{"name":"wp","href":"https:\/\/api.w.org\/{rel}","templated":true}]}}